[{"@context":"https:\/\/schema.org\/","@type":"Article","@id":"https:\/\/www.bielmeier.cz\/brigada-misto-zamestnani-pro-studenty-na-leto-ale-i-pro-lidi-pri-zamestnani\/#Article","mainEntityOfPage":"https:\/\/www.bielmeier.cz\/brigada-misto-zamestnani-pro-studenty-na-leto-ale-i-pro-lidi-pri-zamestnani\/","headline":"Brig\u00e1da m\u00edsto zam\u011bstn\u00e1n\u00ed, pro studenty na l\u00e9to, ale i pro lidi p\u0159i zam\u011bstn\u00e1n\u00ed","name":"Brig\u00e1da m\u00edsto zam\u011bstn\u00e1n\u00ed, pro studenty na l\u00e9to, ale i pro lidi p\u0159i zam\u011bstn\u00e1n\u00ed","description":"Ka\u017ed\u00fd, kdo m\u00e1 zam\u011bstn\u00e1n\u00ed je jist\u011b r\u00e1d, \u017ee m\u016f\u017ee pracovat a d\u00edky tomu vyd\u011bl\u00e1vat pen\u00edze. Jenom\u017ee jakmile se ocitnete bez pr\u00e1ce, tak berete v podstat\u011b cokoliv, abyste nemuseli z\u016fst\u00e1vat bez pr\u00e1ce. Mnoho lid\u00ed funguje t\u00edmto zp\u016fsobem, a pokud odch\u00e1z\u00ed ze zam\u011bstn\u00e1n\u00ed, hled\u00e1 si hned n\u011bco nov\u00e9ho. Pokud del\u0161\u00ed dobu nem\u016f\u017eete nic naj\u00edt, pak m\u016f\u017eete do\u010dasn\u011b...","datePublished":"2021-06-29","dateModified":"2023-05-02","author":{"@type":"Person","@id":"https:\/\/www.bielmeier.cz\/author\/#Person","name":"","url":"https:\/\/www.bielmeier.cz\/author\/","identifier":1,"image":{"@type":"ImageObject","@id":"https:\/\/secure.gravatar.com\/avatar\/1ea551d08e5aaea35ec0edab8371d7eaf798177f38aa8a77e65ff33bf2d8edc8?s=96&d=mm&r=g","url":"https:\/\/secure.gravatar.com\/avatar\/1ea551d08e5aaea35ec0edab8371d7eaf798177f38aa8a77e65ff33bf2d8edc8?s=96&d=mm&r=g","height":96,"width":96}},"publisher":{"@type":"Organization","name":"bielmeier.cz","logo":{"@type":"ImageObject","@id":"\/logo.png","url":"\/logo.png","width":600,"height":60}},"image":{"@type":"ImageObject","@id":"https:\/\/www.bielmeier.cz\/wp-content\/uploads\/%C5%BEena%20notebook_7.jpeg","url":"https:\/\/www.bielmeier.cz\/wp-content\/uploads\/%C5%BEena%20notebook_7.jpeg","height":0,"width":0},"url":"https:\/\/www.bielmeier.cz\/brigada-misto-zamestnani-pro-studenty-na-leto-ale-i-pro-lidi-pri-zamestnani\/","about":["N\u00e1kupy"],"wordCount":424,"articleBody":"            Ka\u017ed\u00fd, kdo m\u00e1 zam\u011bstn\u00e1n\u00ed je jist\u011b r\u00e1d, \u017ee m\u016f\u017ee pracovat a d\u00edky tomu vyd\u011bl\u00e1vat pen\u00edze. Jenom\u017ee jakmile se ocitnete bez pr\u00e1ce, tak berete v podstat\u011b cokoliv, abyste nemuseli z\u016fst\u00e1vat bez pr\u00e1ce. Mnoho lid\u00ed funguje t\u00edmto zp\u016fsobem, a pokud odch\u00e1z\u00ed ze zam\u011bstn\u00e1n\u00ed, hled\u00e1 si hned n\u011bco nov\u00e9ho. Pokud del\u0161\u00ed dobu nem\u016f\u017eete nic naj\u00edt, pak m\u016f\u017eete do\u010dasn\u011b vyu\u017e\u00edt i brig\u00e1du nebo pr\u00e1ci na krat\u0161\u00ed \u00favazek. Hled\u00e1te na l\u00e9to n\u011bjakou krat\u0161\u00ed pr\u00e1ci? Chcete si p\u0159ivyd\u011blat p\u0159es sez\u00f3nu? Nebo p\u0159i zam\u011bstn\u00e1n\u00ed? Od toho existuj\u00ed brig\u00e1dy Hitprace.  Brig\u00e1dy nej\u010dast\u011bji vol\u00ed studenti. Hledaj\u00ed n\u011bjakou pr\u00e1ci na letn\u00ed sez\u00f3nu, aby si mohli vyd\u011blat pen\u00edze a utratit je tak, jak si p\u0159ej\u00ed. Pokud jste student a m\u00e1te volno, m\u016f\u017eete vyu\u017e\u00edt n\u011bjakou jednoduchou pr\u00e1ci v r\u00e1mci pr\u00e1v\u011b tohoto krat\u0161\u00edho \u00favazku na dobu ur\u010ditou. Nejlep\u0161\u00ed je vyhled\u00e1vat n\u011bco v oboru, ve kter\u00e9m se u\u010d\u00edte nebo v jednoduch\u00fdch pozic\u00edch, tam jsou mo\u017enosti toti\u017e hodn\u011b \u0161irok\u00e9 a daj\u00ed se t\u00edmto zp\u016fsobem vyd\u011blat i p\u011bkn\u00e9 pen\u00edzky. Jist\u011b budete vyhled\u00e1vat v oblasti, ve kter\u00e9 \u017eijete. Ide\u00e1ln\u00ed je nastavit filtraci tak, aby v\u00e1m vyskakovaly inzer\u00e1ty z bl\u00edzk\u00e9ho okol\u00ed, pokud tedy nechcete zrovna n\u011bkolik hodin doj\u00ed\u017ed\u011bt. Podobn\u00e9 pracovn\u00ed pozice najdete snad v ka\u017ed\u00e9m m\u011bst\u011b nap\u0159\u00ed\u010d v\u0161emi r\u016fzn\u00fdmi pozicemi. Hledaj\u00ed se lid\u00e9 i na speci\u00e1ln\u00ed profese, ale nej\u010dast\u011bji na jednodu\u0161\u0161\u00ed pracovn\u00ed \u00fakony.  P\u0159ivyd\u011blat si t\u00edmto zp\u016fsobem mohou tak\u00e9 lid\u00e9 se zam\u011bstn\u00e1n\u00edm, kte\u0159\u00ed pot\u0159ebuj\u00ed dal\u0161\u00ed pen\u00edze. Nedost\u00e1v\u00e1 se v\u00e1m mzdy takov\u00e9, jak\u00e9 si p\u0159ejete? Pot\u0159ebujete dal\u0161\u00ed finance? M\u00e1te je\u0161t\u011b n\u011bjak\u00fd voln\u00fd \u010das? Pokud ano, mo\u017en\u00e1 budete hledat podobn\u00fd \u00favazek. A v neposledn\u00ed \u0159ad\u011b si t\u00edmto zp\u016fsobem mohou vyd\u011blat alespo\u0148 n\u011bjak\u00e9 pen\u00edze i lid\u00e9, kte\u0159\u00ed jsou trvale bez zam\u011bstn\u00e1n\u00ed. Nem\u016f\u017eete  http:\/\/www.extra.cz\/postrach-zvany-insomnie-6-duvodu-proc-nemuzete-v-noci-spat del\u0161\u00ed dobu naj\u00edt zam\u011bstn\u00e1n\u00ed? V tom p\u0159\u00edpad\u011b m\u016f\u017eete vyzkou\u0161et pr\u00e1v\u011b tento zp\u016fsob, a kdo v\u00ed, t\u0159eba se uchyt\u00edte natolik, \u017ee v\u00e1m prodlou\u017e\u00ed smlouvu nebo v\u00e1m nab\u00eddnou b\u011b\u017en\u00fd pracovn\u00ed pom\u011br.                                                                                                                                                                                                                                                                                                                                                                                                 "},{"@context":"https:\/\/schema.org\/","@type":"BreadcrumbList","itemListElement":[{"@type":"ListItem","position":1,"name":"Brig\u00e1da m\u00edsto zam\u011bstn\u00e1n\u00ed, pro studenty na l\u00e9to, ale i pro lidi p\u0159i zam\u011bstn\u00e1n\u00ed","item":"https:\/\/www.bielmeier.cz\/brigada-misto-zamestnani-pro-studenty-na-leto-ale-i-pro-lidi-pri-zamestnani\/#breadcrumbitem"}]}]