[{"@context":"https:\/\/schema.org\/","@type":"Article","@id":"https:\/\/www.bielmeier.cz\/jsou-led-zarovky-lepsi-nez-ty-klasicke\/#Article","mainEntityOfPage":"https:\/\/www.bielmeier.cz\/jsou-led-zarovky-lepsi-nez-ty-klasicke\/","headline":"Jsou LED \u017e\u00e1rovky lep\u0161\u00ed ne\u017e ty klasick\u00e9?","name":"Jsou LED \u017e\u00e1rovky lep\u0161\u00ed ne\u017e ty klasick\u00e9?","description":"Nen\u00ed pochyb o tom, \u017ee my lid\u00e9 sv\u011btlo pot\u0159ebujeme. Na\u0161e o\u010di nejsou uzp\u016fsobeny k vid\u011bn\u00ed za minim\u00e1ln\u00edho sv\u011btla, tak jako nap\u0159\u00edklad ko\u010di\u010d\u00ed. To ale znamen\u00e1, \u017ee pot\u0159ebujeme po setm\u011bn\u00ed um\u011bl\u00e9 osv\u011btlen\u00ed. A vzhledem k tomu, \u017ee se n\u00e1\u0161 \u017eivot ji\u017e d\u00e1vno ne\u0159\u00edd\u00ed Sluncem, je jasn\u00e9, \u017ee jej vyu\u017e\u00edv\u00e1me ka\u017ed\u00fd den. Po mnoho let n\u00e1m toto...","datePublished":"2020-02-06","dateModified":"2023-05-02","author":{"@type":"Person","@id":"https:\/\/www.bielmeier.cz\/author\/#Person","name":"","url":"https:\/\/www.bielmeier.cz\/author\/","identifier":1,"image":{"@type":"ImageObject","@id":"https:\/\/secure.gravatar.com\/avatar\/1ea551d08e5aaea35ec0edab8371d7eaf798177f38aa8a77e65ff33bf2d8edc8?s=96&d=mm&r=g","url":"https:\/\/secure.gravatar.com\/avatar\/1ea551d08e5aaea35ec0edab8371d7eaf798177f38aa8a77e65ff33bf2d8edc8?s=96&d=mm&r=g","height":96,"width":96}},"publisher":{"@type":"Organization","name":"bielmeier.cz","logo":{"@type":"ImageObject","@id":"\/logo.png","url":"\/logo.png","width":600,"height":60}},"image":{"@type":"ImageObject","@id":"https:\/\/www.bielmeier.cz\/wp-content\/uploads\/img_a381678_w3830_t1592903395.jpg","url":"https:\/\/www.bielmeier.cz\/wp-content\/uploads\/img_a381678_w3830_t1592903395.jpg","height":0,"width":0},"url":"https:\/\/www.bielmeier.cz\/jsou-led-zarovky-lepsi-nez-ty-klasicke\/","about":["N\u00e1kupy"],"wordCount":408,"articleBody":"      Nen\u00ed pochyb o tom, \u017ee my lid\u00e9 sv\u011btlo pot\u0159ebujeme. Na\u0161e o\u010di nejsou uzp\u016fsobeny k vid\u011bn\u00ed za minim\u00e1ln\u00edho sv\u011btla, tak jako nap\u0159\u00edklad ko\u010di\u010d\u00ed. To ale znamen\u00e1, \u017ee pot\u0159ebujeme po setm\u011bn\u00ed um\u011bl\u00e9 osv\u011btlen\u00ed. A vzhledem k tomu, \u017ee se n\u00e1\u0161 \u017eivot ji\u017e d\u00e1vno ne\u0159\u00edd\u00ed Sluncem, je jasn\u00e9, \u017ee jej vyu\u017e\u00edv\u00e1me ka\u017ed\u00fd den. Po mnoho let n\u00e1m toto sv\u011btlo zabezpe\u010dovala v naprost\u00e9 v\u011bt\u0161in\u011b p\u0159\u00edpad\u016f klasick\u00e1 \u017e\u00e1rovka. Ta po mnoho let nezm\u011bnila ani sv\u016fj princip, ani tvar. Av\u0161ak v\u00fdvoj jde st\u00e1le kup\u0159edu, a tak se v posledn\u00edch letech na trhu objevilo osv\u011btlen\u00ed, kter\u00e9 si klade za c\u00edl to klasick\u00e9 nahradit. Jsou to LED \u017e\u00e1rovky, kter\u00e9 se za\u010daly hromadn\u011bji vyr\u00e1b\u011bt po na\u0159\u00edzen\u00ed, kter\u00e9 si klade za c\u00edl ty klasick\u00e9 postupn\u011b eliminovat, jeliko\u017e jsou jednak ne\u00fasporn\u00e9 a jednak neekologick\u00e9. Nab\u00edz\u00ed se zde v\u0161ak ot\u00e1zka: m\u00e1 tento nov\u00fd typ \u0161anci prorazit ve srovn\u00e1n\u00ed s t\u00edm star\u00fdm? Popravd\u011b \u0159e\u010deno, m\u00e1. Je sice podstatn\u011b men\u0161\u00ed, av\u0161ak sv\u00edt\u00ed mnohem jasn\u011bji. Tak\u00e9 spot\u0159ebov\u00e1v\u00e1 m\u00e9n\u011b energie a m\u00e1 podstatn\u011b v\u011bt\u0161\u00ed v\u00fddr\u017e. To v\u0161e jsou dobr\u00e9 d\u016fvody pro to si ji po\u0159\u00eddit. Ov\u0161em pokud je tak v\u00fdhodn\u00e1, pro\u010d je\u0161t\u011b nenahradila ty klasick\u00e9 ve v\u0161ech domovech? Odpov\u011b\u010f je jednoduch\u00e1: konzervatismus a p\u0159edev\u0161\u00edm cena. Mnoho lid\u00ed nechce zkou\u0161et n\u011bco nov\u00e9ho, kdy\u017e ten star\u00fd zp\u016fsob jim a\u017e doposud naprosto vyhovoval. Zvl\u00e1\u0161t\u011b sta\u0159\u00ed lid\u00e9 necht\u011bj\u00ed n\u011bjak\u00e9 nov\u00e9 vyn\u00e1lezy. A jak ji\u017e bylo \u0159e\u010deno, je zde i faktor ceny. Ta je p\u0159eci jen pom\u011brn\u011b vy\u0161\u0161\u00ed, ne\u017e u klasick\u00e9ho typu \u017e\u00e1rovek. A\u010d je to v\u00edce ne\u017e kompenzov\u00e1no jejich del\u0161\u00ed \u017eivotnost\u00ed, zvl\u00e1\u0161t\u011b chud\u0161\u00ed lid\u00e9 se zdr\u00e1haj\u00ed d\u00e1t tolik pen\u011bz, nebo\u0165 mnoho z nich si nespo\u010d\u00edt\u00e1, \u017ee se jim tato investice v dlouhodob\u00e9m horizontu vr\u00e1t\u00ed. Tak jak to tedy je? Nahrad\u00ed klasick\u00fd typ druh LED? Trouf\u00e1m si tvrdit, \u017ee v budoucnu ano. Ov\u0161em teprve pot\u00e9, co se pat\u0159i\u010dn\u011b sn\u00ed\u017e\u00ed jeho cena a p\u0159ijde generace, kter\u00e9 se tohoto zp\u016fsobu osv\u011btlen\u00ed neboj\u00ed. Do t\u00e9 doby v\u0161ak budou klasick\u00e9 \u017e\u00e1rovky hr\u00e1t st\u00e1le prim.                                                                                                                                                                                                                                                                                                                                                                                          4.4\/5 - (7 votes)        "},{"@context":"https:\/\/schema.org\/","@type":"BreadcrumbList","itemListElement":[{"@type":"ListItem","position":1,"name":"Jsou LED \u017e\u00e1rovky lep\u0161\u00ed ne\u017e ty klasick\u00e9?","item":"https:\/\/www.bielmeier.cz\/jsou-led-zarovky-lepsi-nez-ty-klasicke\/#breadcrumbitem"}]}]