[{"@context":"https:\/\/schema.org\/","@type":"Article","@id":"https:\/\/www.bielmeier.cz\/mladi-muzi\/#Article","mainEntityOfPage":"https:\/\/www.bielmeier.cz\/mladi-muzi\/","headline":"Mlad\u00ed mu\u017ei","name":"Mlad\u00ed mu\u017ei","description":"Pamatujete si na sv\u016fj prvn\u00ed vztah? A na svou prvn\u00ed l\u00e1sku? Mysl\u00edm si, \u017ee opravdu mnoho \u017een si pamatuje na sv\u00e9 prvn\u00ed milovan\u00e9 l\u00e1sky. A tak\u00e9 na sv\u00e9 prvn\u00ed milov\u00e1n\u00ed. J\u00e1 si to tady pamatuji. Bylo mi asi sedmn\u00e1ct anebo osmn\u00e1ct let. A bylo to tehdy, kdy\u017e moji rodi\u010de jeli na chatu. M\u011bla jsem voln\u00fd...","datePublished":"2022-08-23","dateModified":"2023-05-02","author":{"@type":"Person","@id":"https:\/\/www.bielmeier.cz\/author\/#Person","name":"","url":"https:\/\/www.bielmeier.cz\/author\/","identifier":1,"image":{"@type":"ImageObject","@id":"https:\/\/secure.gravatar.com\/avatar\/1ea551d08e5aaea35ec0edab8371d7eaf798177f38aa8a77e65ff33bf2d8edc8?s=96&d=mm&r=g","url":"https:\/\/secure.gravatar.com\/avatar\/1ea551d08e5aaea35ec0edab8371d7eaf798177f38aa8a77e65ff33bf2d8edc8?s=96&d=mm&r=g","height":96,"width":96}},"publisher":{"@type":"Organization","name":"bielmeier.cz","logo":{"@type":"ImageObject","@id":"\/logo.png","url":"\/logo.png","width":600,"height":60}},"image":{"@type":"ImageObject","@id":"https:\/\/www.bielmeier.cz\/wp-content\/uploads\/musician-664432_960_720.jpg","url":"https:\/\/www.bielmeier.cz\/wp-content\/uploads\/musician-664432_960_720.jpg","height":0,"width":0},"url":"https:\/\/www.bielmeier.cz\/mladi-muzi\/","about":["Mu\u017ei"],"wordCount":440,"articleBody":"Pamatujete si na sv\u016fj prvn\u00ed vztah? A na svou prvn\u00ed l\u00e1sku? Mysl\u00edm si, \u017ee opravdu mnoho \u017een si pamatuje na sv\u00e9 prvn\u00ed milovan\u00e9 l\u00e1sky. A tak\u00e9 na sv\u00e9 prvn\u00ed milov\u00e1n\u00ed. J\u00e1 si to tady pamatuji. Bylo mi asi sedmn\u00e1ct anebo osmn\u00e1ct let. A bylo to tehdy, kdy\u017e moji rodi\u010de jeli na chatu. M\u011bla jsem voln\u00fd byt. A ur\u010dit\u011b vy v\u00edte, co to znamen\u00e1. V 90 letech to bylo naprost\u00fd hit. Kdy\u017e m\u00e1 n\u011bkdo voln\u00fd byt, tak samoz\u0159ejm\u011b ihned pozval lidi, aby se ud\u011blal mejdan. A to sam\u00e9 jsem ud\u011blala j\u00e1, proto\u017ee my jsme m\u011bli docela velk\u00fd byt o velikosti t\u0159i pus jedna. A nav\u00edc m\u00edstnosti byly taky velk\u00e9. Tak\u017ee jsem si pozvala sv\u00e9 \u010dty\u0159i kamar\u00e1dky a taky n\u011bjak\u00e9 mu\u017ee. Tedy mu\u017ee, byli to sp\u00ed\u0161e je\u0161t\u011b mlad\u00ed p\u00e1nov\u00e9. N\u00e1m to ale nevadilo. A bylo opravdu hodn\u011b z\u00e1bavy. Ve\u010d\u00edrek se n\u00e1m cel\u00fd povedl a taky jsme tam opravdu pop\u00edjeli alkohol. A za to se trochu styd\u00edm, ale \u010das u\u017e nevr\u00e1t\u00edm. Ale ka\u017ed\u00fd m\u00e1 svou minulost a ta se zm\u011bnit ned\u00e1.A tak to nech\u00e1v\u00e1m tak, jak to je. A tam se to pr\u00e1v\u011b u n\u00e1s doma stalo. V\u016fbec nev\u00edm p\u0159esn\u011b k \u010demu a pro\u010d do\u0161lo. Nicm\u00e9n\u011b ale je u\u017e to n\u011bkolik let zp\u011bt. Nyn\u00ed jsem dosp\u011bl\u00e1 a m\u00e1m rodinu. M\u00fdm \u017eivotem u\u017e pro\u0161lo opravdu mnoho mu\u017e\u016f a j\u00e1 ani nev\u00edm, jestli jsem ud\u011blala dob\u0159e. Proto\u017ee jsem jednu dobu byla takov\u00e1 divok\u00e1, \u017ee jsem st\u0159\u00eddala mu\u017ee jako na b\u011b\u017e\u00edc\u00edm p\u00e1su. Ale za tohle se opravdu hodn\u011b styd\u00edm. V\u016fbec nev\u00edm, co a jak a pro\u010d jsem to d\u011blala. A pr\u00e1v\u011b takov\u00fdm chov\u00e1n\u00edm \u017eeny odrazuj\u00ed m\u016f\u017ee. Proto\u017ee mu\u017ei nemaj\u00ed r\u00e1di promiskuitn\u00ed \u017eeny. Nebo co si o tom mysl\u00edte vy? Co t\u0159eba promiskuita a mu\u017ei? Mysl\u00edm si, \u017ee kdybych byla j\u00e1 mu\u017e, tak bych v\u016fbec necht\u011bla n\u011bjakou divokou a promiskuitn\u00ed \u017eenu. Kdybych byla mu\u017e, cht\u011bla bych n\u011bkterou chytrou, a hlavn\u011b v\u011brnou a milou \u017eenu. Ov\u0161em ale z\u00e1le\u017e\u00ed taky na vkusu a na typu \u010dlov\u011bka. Ka\u017ed\u00fd \u010dlov\u011bk je jin\u00fd a t\u00edm p\u00e1dem to znamen\u00e1, \u017ee ka\u017ed\u00fd \u010dlov\u011bk na sv\u011bt\u011b m\u00e1 n\u011bkde sv\u016fj prot\u011bj\u0161ek a svou l\u00e1sku.                                                                                                                                                                                                                                                                                                                                                                                        4.6\/5 - (8 votes)        "},{"@context":"https:\/\/schema.org\/","@type":"BreadcrumbList","itemListElement":[{"@type":"ListItem","position":1,"name":"Mlad\u00ed mu\u017ei","item":"https:\/\/www.bielmeier.cz\/mladi-muzi\/#breadcrumbitem"}]}]