[{"@context":"https:\/\/schema.org\/","@type":"Article","@id":"https:\/\/www.bielmeier.cz\/nabizime-take-operativni-leasing\/#Article","mainEntityOfPage":"https:\/\/www.bielmeier.cz\/nabizime-take-operativni-leasing\/","headline":"Nab\u00edz\u00edme tak\u00e9 operativn\u00ed leasing","name":"Nab\u00edz\u00edme tak\u00e9 operativn\u00ed leasing","description":"Na\u0161e Autop\u016fj\u010dovna V\u00e1m nab\u00edz\u00ed sv\u00e9 slu\u017eby. Na \u010desk\u00e9 trhu se pohybujeme sice teprve od roku 2008, ale d\u00edky na\u0161emu f\u00e9rov\u00e9mu jedn\u00e1n\u00ed a individu\u00e1ln\u00edmu p\u0159\u00edstupu ke ka\u017ed\u00e9mu z\u00e1kazn\u00edkovi, na\u0161e firma rychle roste. Nav\u0161tivte na\u0161i autop\u016fj\u010dovnu nebo na\u0161e internetov\u00e9 str\u00e1nky, na kter\u00fdch se dozv\u00edte mnohem v\u00edce informac\u00ed jak o na\u0161em vozov\u00e9m parku, tak i o cen\u00e1ch za...","datePublished":"2025-03-14","dateModified":"2025-03-14","author":{"@type":"Person","@id":"https:\/\/www.bielmeier.cz\/author\/#Person","name":"","url":"https:\/\/www.bielmeier.cz\/author\/","identifier":1,"image":{"@type":"ImageObject","@id":"https:\/\/secure.gravatar.com\/avatar\/1ea551d08e5aaea35ec0edab8371d7eaf798177f38aa8a77e65ff33bf2d8edc8?s=96&d=mm&r=g","url":"https:\/\/secure.gravatar.com\/avatar\/1ea551d08e5aaea35ec0edab8371d7eaf798177f38aa8a77e65ff33bf2d8edc8?s=96&d=mm&r=g","height":96,"width":96}},"publisher":{"@type":"Organization","name":"bielmeier.cz","logo":{"@type":"ImageObject","@id":"\/logo.png","url":"\/logo.png","width":600,"height":60}},"url":"https:\/\/www.bielmeier.cz\/nabizime-take-operativni-leasing\/","wordCount":184,"articleBody":" Na\u0161e Autop\u016fj\u010dovna V\u00e1m nab\u00edz\u00ed sv\u00e9 slu\u017eby. Na \u010desk\u00e9 trhu se pohybujeme sice teprve od roku 2008, ale d\u00edky na\u0161emu f\u00e9rov\u00e9mu jedn\u00e1n\u00ed a individu\u00e1ln\u00edmu p\u0159\u00edstupu ke ka\u017ed\u00e9mu z\u00e1kazn\u00edkovi, na\u0161e firma rychle roste. Nav\u0161tivte na\u0161i autop\u016fj\u010dovnu nebo na\u0161e internetov\u00e9 str\u00e1nky, na kter\u00fdch se dozv\u00edte mnohem v\u00edce informac\u00ed jak o na\u0161em vozov\u00e9m parku, tak i o cen\u00e1ch za pron\u00e1jem. Autop\u016fj\u010dovna Pokud chcete p\u0159istavit auto nap\u0159\u00edklad v Praze \u010di Ostrav\u011b, nen\u00ed to pro n\u00e1s probl\u00e9m. Na\u0161e autop\u016fj\u010dovna V\u00e1m v\u016fz p\u0159istav\u00ed kdekoliv v republice. Nutn\u00e1 je ov\u0161em p\u0159edchoz\u00ed domluva. Na\u0161e autop\u016fj\u010dovna je V\u00e1m k dispozici 24 hodin denn\u011b, 7 dn\u00ed v t\u00fddnu. Na\u0161e vozy si m\u016f\u017eete pronajmout za velmi p\u0159\u00edjemn\u00e9 ceny a nab\u00edz\u00edme tak\u00e9 i operativn\u00ed leasing. Bez reklam Na\u0161e vozy nejsou potisknuty \u017e\u00e1dnou reklamou, co\u017e je v na\u0161em oboru sp\u00ed\u0161e vyj\u00edmkou.                                                                                                                                                                                                                                                                                                                                                                                                "},{"@context":"https:\/\/schema.org\/","@type":"BreadcrumbList","itemListElement":[{"@type":"ListItem","position":1,"name":"Nab\u00edz\u00edme tak\u00e9 operativn\u00ed leasing","item":"https:\/\/www.bielmeier.cz\/nabizime-take-operativni-leasing\/#breadcrumbitem"}]}]