{"@context":"https:\/\/schema.org\/","@type":"CollectionPage","@id":"https:\/\/www.bielmeier.cz\/nakupy\/#CollectionPage","headline":"N\u00e1kupy Category","description":"","url":"https:\/\/www.bielmeier.cz\/nakupy\/","hasPart":[{"@type":"Article","@id":"https:\/\/www.bielmeier.cz\/moderni-ventilacni-technika-pomuze-zvysit-produktivitu-prace\/","headline":"Modern\u00ed ventila\u010dn\u00ed technika pom\u016f\u017ee zv\u00fd\u0161it produktivitu pr\u00e1ce","url":"https:\/\/www.bielmeier.cz\/moderni-ventilacni-technika-pomuze-zvysit-produktivitu-prace\/","datePublished":"2023-11-09","dateModified":"2023-11-29","mainEntityOfPage":"https:\/\/www.bielmeier.cz\/moderni-ventilacni-technika-pomuze-zvysit-produktivitu-prace\/","author":{"@type":"Person","@id":"https:\/\/www.bielmeier.cz\/author\/#Person","name":"","url":"https:\/\/www.bielmeier.cz\/author\/","identifier":1,"image":{"@type":"ImageObject","@id":"https:\/\/secure.gravatar.com\/avatar\/1ea551d08e5aaea35ec0edab8371d7eaf798177f38aa8a77e65ff33bf2d8edc8?s=96&d=mm&r=g","url":"https:\/\/secure.gravatar.com\/avatar\/1ea551d08e5aaea35ec0edab8371d7eaf798177f38aa8a77e65ff33bf2d8edc8?s=96&d=mm&r=g","height":96,"width":96}},"publisher":{"@type":"Organization","name":"bielmeier.cz","logo":{"@type":"ImageObject","@id":"\/logo.png","url":"\/logo.png","width":600,"height":60}},"image":{"@type":"ImageObject","@id":"https:\/\/www.bielmeier.cz\/wp-content\/uploads\/vzduchotechnika_mJ5Qp9.jpg","url":"https:\/\/www.bielmeier.cz\/wp-content\/uploads\/vzduchotechnika_mJ5Qp9.jpg","height":0,"width":0},"keywords":null},{"@type":"Article","@id":"https:\/\/www.bielmeier.cz\/inovace-v-oblasti-tkf-stanu-prinasi-revoluci-v-prenosnem-bydleni\/","headline":"Inovace v oblasti TKF stan\u016f p\u0159in\u00e1\u0161\u00ed revoluci v p\u0159enosn\u00e9m bydlen\u00ed","url":"https:\/\/www.bielmeier.cz\/inovace-v-oblasti-tkf-stanu-prinasi-revoluci-v-prenosnem-bydleni\/","datePublished":"2023-11-09","dateModified":"2023-11-06","mainEntityOfPage":"https:\/\/www.bielmeier.cz\/inovace-v-oblasti-tkf-stanu-prinasi-revoluci-v-prenosnem-bydleni\/","author":{"@type":"Person","@id":"https:\/\/www.bielmeier.cz\/author\/#Person","name":"","url":"https:\/\/www.bielmeier.cz\/author\/","identifier":1,"image":{"@type":"ImageObject","@id":"https:\/\/secure.gravatar.com\/avatar\/1ea551d08e5aaea35ec0edab8371d7eaf798177f38aa8a77e65ff33bf2d8edc8?s=96&d=mm&r=g","url":"https:\/\/secure.gravatar.com\/avatar\/1ea551d08e5aaea35ec0edab8371d7eaf798177f38aa8a77e65ff33bf2d8edc8?s=96&d=mm&r=g","height":96,"width":96}},"publisher":{"@type":"Organization","name":"bielmeier.cz","logo":{"@type":"ImageObject","@id":"\/logo.png","url":"\/logo.png","width":600,"height":60}},"image":{"@type":"ImageObject","@id":"https:\/\/www.bielmeier.cz\/wp-content\/uploads\/stany_D54XYr.jpg","url":"https:\/\/www.bielmeier.cz\/wp-content\/uploads\/stany_D54XYr.jpg","height":0,"width":0},"keywords":null},{"@type":"Article","@id":"https:\/\/www.bielmeier.cz\/konopi-ano-nebo-ne\/","headline":"Konop\u00ed ano nebo ne?","url":"https:\/\/www.bielmeier.cz\/konopi-ano-nebo-ne\/","datePublished":"2023-10-14","dateModified":"2023-10-09","mainEntityOfPage":"https:\/\/www.bielmeier.cz\/konopi-ano-nebo-ne\/","author":{"@type":"Person","@id":"https:\/\/www.bielmeier.cz\/author\/#Person","name":"","url":"https:\/\/www.bielmeier.cz\/author\/","identifier":1,"image":{"@type":"ImageObject","@id":"https:\/\/secure.gravatar.com\/avatar\/1ea551d08e5aaea35ec0edab8371d7eaf798177f38aa8a77e65ff33bf2d8edc8?s=96&d=mm&r=g","url":"https:\/\/secure.gravatar.com\/avatar\/1ea551d08e5aaea35ec0edab8371d7eaf798177f38aa8a77e65ff33bf2d8edc8?s=96&d=mm&r=g","height":96,"width":96}},"publisher":{"@type":"Organization","name":"bielmeier.cz","logo":{"@type":"ImageObject","@id":"\/logo.png","url":"\/logo.png","width":600,"height":60}},"image":{"@type":"ImageObject","@id":"https:\/\/www.bielmeier.cz\/wp-content\/uploads\/sazenice_konopi_jKml4T.jpg","url":"https:\/\/www.bielmeier.cz\/wp-content\/uploads\/sazenice_konopi_jKml4T.jpg","height":0,"width":0},"keywords":null},{"@type":"Article","@id":"https:\/\/www.bielmeier.cz\/co-to-je-viagra\/","headline":"Co to je Viagra","url":"https:\/\/www.bielmeier.cz\/co-to-je-viagra\/","datePublished":"2023-10-06","dateModified":"2024-05-28","mainEntityOfPage":"https:\/\/www.bielmeier.cz\/co-to-je-viagra\/","author":{"@type":"Person","@id":"https:\/\/www.bielmeier.cz\/author\/#Person","name":"","url":"https:\/\/www.bielmeier.cz\/author\/","identifier":1,"image":{"@type":"ImageObject","@id":"https:\/\/secure.gravatar.com\/avatar\/1ea551d08e5aaea35ec0edab8371d7eaf798177f38aa8a77e65ff33bf2d8edc8?s=96&d=mm&r=g","url":"https:\/\/secure.gravatar.com\/avatar\/1ea551d08e5aaea35ec0edab8371d7eaf798177f38aa8a77e65ff33bf2d8edc8?s=96&d=mm&r=g","height":96,"width":96}},"publisher":{"@type":"Organization","name":"bielmeier.cz","logo":{"@type":"ImageObject","@id":"\/logo.png","url":"\/logo.png","width":600,"height":60}},"image":{"@type":"ImageObject","@id":"https:\/\/www.bielmeier.cz\/wp-content\/uploads\/pexels-kampus-production-8439763.jpg","url":"https:\/\/www.bielmeier.cz\/wp-content\/uploads\/pexels-kampus-production-8439763.jpg","height":0,"width":0},"keywords":null},{"@type":"Article","@id":"https:\/\/www.bielmeier.cz\/co-mozna-nevite-o-testosteronu\/","headline":"Co mo\u017en\u00e1 nev\u00edte o testosteronu","url":"https:\/\/www.bielmeier.cz\/co-mozna-nevite-o-testosteronu\/","datePublished":"2023-09-20","dateModified":"2023-11-10","mainEntityOfPage":"https:\/\/www.bielmeier.cz\/co-mozna-nevite-o-testosteronu\/","author":{"@type":"Person","@id":"https:\/\/www.bielmeier.cz\/author\/#Person","name":"","url":"https:\/\/www.bielmeier.cz\/author\/","identifier":1,"image":{"@type":"ImageObject","@id":"https:\/\/secure.gravatar.com\/avatar\/1ea551d08e5aaea35ec0edab8371d7eaf798177f38aa8a77e65ff33bf2d8edc8?s=96&d=mm&r=g","url":"https:\/\/secure.gravatar.com\/avatar\/1ea551d08e5aaea35ec0edab8371d7eaf798177f38aa8a77e65ff33bf2d8edc8?s=96&d=mm&r=g","height":96,"width":96}},"publisher":{"@type":"Organization","name":"bielmeier.cz","logo":{"@type":"ImageObject","@id":"\/logo.png","url":"\/logo.png","width":600,"height":60}},"image":{"@type":"ImageObject","@id":"https:\/\/www.bielmeier.cz\/wp-content\/uploads\/girl-2462285_640.jpg","url":"https:\/\/www.bielmeier.cz\/wp-content\/uploads\/girl-2462285_640.jpg","height":0,"width":0},"keywords":null},{"@type":"Article","@id":"https:\/\/www.bielmeier.cz\/zarez-ve-svete-outdoorovych-dobrodruzstvi-nuzkove-stany\/","headline":"Z\u00e1\u0159ez ve sv\u011bt\u011b outdoorov\u00fdch dobrodru\u017estv\u00ed: N\u016f\u017ekov\u00e9 stany","url":"https:\/\/www.bielmeier.cz\/zarez-ve-svete-outdoorovych-dobrodruzstvi-nuzkove-stany\/","datePublished":"2023-08-16","dateModified":"2023-08-23","mainEntityOfPage":"https:\/\/www.bielmeier.cz\/zarez-ve-svete-outdoorovych-dobrodruzstvi-nuzkove-stany\/","author":{"@type":"Person","@id":"https:\/\/www.bielmeier.cz\/author\/#Person","name":"","url":"https:\/\/www.bielmeier.cz\/author\/","identifier":1,"image":{"@type":"ImageObject","@id":"https:\/\/secure.gravatar.com\/avatar\/1ea551d08e5aaea35ec0edab8371d7eaf798177f38aa8a77e65ff33bf2d8edc8?s=96&d=mm&r=g","url":"https:\/\/secure.gravatar.com\/avatar\/1ea551d08e5aaea35ec0edab8371d7eaf798177f38aa8a77e65ff33bf2d8edc8?s=96&d=mm&r=g","height":96,"width":96}},"publisher":{"@type":"Organization","name":"bielmeier.cz","logo":{"@type":"ImageObject","@id":"\/logo.png","url":"\/logo.png","width":600,"height":60}},"image":{"@type":"ImageObject","@id":"https:\/\/www.bielmeier.cz\/wp-content\/uploads\/skladaci_stan_loek9t.jpg","url":"https:\/\/www.bielmeier.cz\/wp-content\/uploads\/skladaci_stan_loek9t.jpg","height":0,"width":0},"keywords":null},{"@type":"Article","@id":"https:\/\/www.bielmeier.cz\/starsi-lide-a-problemy\/","headline":"Star\u0161\u00ed lid\u00e9 a probl\u00e9my","url":"https:\/\/www.bielmeier.cz\/starsi-lide-a-problemy\/","datePublished":"2023-07-18","dateModified":"2023-07-18","mainEntityOfPage":"https:\/\/www.bielmeier.cz\/starsi-lide-a-problemy\/","author":{"@type":"Person","@id":"https:\/\/www.bielmeier.cz\/author\/#Person","name":"","url":"https:\/\/www.bielmeier.cz\/author\/","identifier":1,"image":{"@type":"ImageObject","@id":"https:\/\/secure.gravatar.com\/avatar\/1ea551d08e5aaea35ec0edab8371d7eaf798177f38aa8a77e65ff33bf2d8edc8?s=96&d=mm&r=g","url":"https:\/\/secure.gravatar.com\/avatar\/1ea551d08e5aaea35ec0edab8371d7eaf798177f38aa8a77e65ff33bf2d8edc8?s=96&d=mm&r=g","height":96,"width":96}},"publisher":{"@type":"Organization","name":"bielmeier.cz","logo":{"@type":"ImageObject","@id":"\/logo.png","url":"\/logo.png","width":600,"height":60}},"image":{"@type":"ImageObject","@id":"https:\/\/www.bielmeier.cz\/wp-content\/uploads\/felicia-montenegro-XFjVFgvfOPQ-unsplash_2.jpg","url":"https:\/\/www.bielmeier.cz\/wp-content\/uploads\/felicia-montenegro-XFjVFgvfOPQ-unsplash_2.jpg","height":0,"width":0},"keywords":null},{"@type":"Article","@id":"https:\/\/www.bielmeier.cz\/cim-se-ridit-pri-vyberu-kozenych-sandalu-na-leto\/","headline":"\u010c\u00edm se \u0159\u00eddit p\u0159i v\u00fdb\u011bru ko\u017een\u00fdch sand\u00e1l\u016f na l\u00e9to?","url":"https:\/\/www.bielmeier.cz\/cim-se-ridit-pri-vyberu-kozenych-sandalu-na-leto\/","datePublished":"2023-06-24","dateModified":"2023-06-29","mainEntityOfPage":"https:\/\/www.bielmeier.cz\/cim-se-ridit-pri-vyberu-kozenych-sandalu-na-leto\/","author":{"@type":"Person","@id":"https:\/\/www.bielmeier.cz\/author\/#Person","name":"","url":"https:\/\/www.bielmeier.cz\/author\/","identifier":1,"image":{"@type":"ImageObject","@id":"https:\/\/secure.gravatar.com\/avatar\/1ea551d08e5aaea35ec0edab8371d7eaf798177f38aa8a77e65ff33bf2d8edc8?s=96&d=mm&r=g","url":"https:\/\/secure.gravatar.com\/avatar\/1ea551d08e5aaea35ec0edab8371d7eaf798177f38aa8a77e65ff33bf2d8edc8?s=96&d=mm&r=g","height":96,"width":96}},"publisher":{"@type":"Organization","name":"bielmeier.cz","logo":{"@type":"ImageObject","@id":"\/logo.png","url":"\/logo.png","width":600,"height":60}},"image":{"@type":"ImageObject","@id":"https:\/\/www.bielmeier.cz\/wp-content\/uploads\/sandaly_IdbT5V.jpg","url":"https:\/\/www.bielmeier.cz\/wp-content\/uploads\/sandaly_IdbT5V.jpg","height":0,"width":0},"keywords":null},{"@type":"Article","@id":"https:\/\/www.bielmeier.cz\/zahradni-party-stany-vytvorte-si-dokonaly-venkovsky-raj-ve-svem-vlastnim-zahradnim-prostoru\/","headline":"Zahradn\u00ed party stany: Vytvo\u0159te si dokonal\u00fd venkovsk\u00fd r\u00e1j ve sv\u00e9m vlastn\u00edm zahradn\u00edm prostoru","url":"https:\/\/www.bielmeier.cz\/zahradni-party-stany-vytvorte-si-dokonaly-venkovsky-raj-ve-svem-vlastnim-zahradnim-prostoru\/","datePublished":"2023-06-10","dateModified":"2023-06-05","mainEntityOfPage":"https:\/\/www.bielmeier.cz\/zahradni-party-stany-vytvorte-si-dokonaly-venkovsky-raj-ve-svem-vlastnim-zahradnim-prostoru\/","author":{"@type":"Person","@id":"https:\/\/www.bielmeier.cz\/author\/#Person","name":"","url":"https:\/\/www.bielmeier.cz\/author\/","identifier":1,"image":{"@type":"ImageObject","@id":"https:\/\/secure.gravatar.com\/avatar\/1ea551d08e5aaea35ec0edab8371d7eaf798177f38aa8a77e65ff33bf2d8edc8?s=96&d=mm&r=g","url":"https:\/\/secure.gravatar.com\/avatar\/1ea551d08e5aaea35ec0edab8371d7eaf798177f38aa8a77e65ff33bf2d8edc8?s=96&d=mm&r=g","height":96,"width":96}},"publisher":{"@type":"Organization","name":"bielmeier.cz","logo":{"@type":"ImageObject","@id":"\/logo.png","url":"\/logo.png","width":600,"height":60}},"image":{"@type":"ImageObject","@id":"https:\/\/www.bielmeier.cz\/wp-content\/uploads\/nuzkovy_stan_WBXde1.jpg","url":"https:\/\/www.bielmeier.cz\/wp-content\/uploads\/nuzkovy_stan_WBXde1.jpg","height":0,"width":0},"keywords":null},{"@type":"Article","@id":"https:\/\/www.bielmeier.cz\/aby-nevadilo-spatne-pocasi\/","headline":"Aby nevadilo \u0161patn\u00e9 po\u010das\u00ed","url":"https:\/\/www.bielmeier.cz\/aby-nevadilo-spatne-pocasi\/","datePublished":"2023-05-22","dateModified":"2023-05-31","mainEntityOfPage":"https:\/\/www.bielmeier.cz\/aby-nevadilo-spatne-pocasi\/","author":{"@type":"Person","@id":"https:\/\/www.bielmeier.cz\/author\/#Person","name":"","url":"https:\/\/www.bielmeier.cz\/author\/","identifier":1,"image":{"@type":"ImageObject","@id":"https:\/\/secure.gravatar.com\/avatar\/1ea551d08e5aaea35ec0edab8371d7eaf798177f38aa8a77e65ff33bf2d8edc8?s=96&d=mm&r=g","url":"https:\/\/secure.gravatar.com\/avatar\/1ea551d08e5aaea35ec0edab8371d7eaf798177f38aa8a77e65ff33bf2d8edc8?s=96&d=mm&r=g","height":96,"width":96}},"publisher":{"@type":"Organization","name":"bielmeier.cz","logo":{"@type":"ImageObject","@id":"\/logo.png","url":"\/logo.png","width":600,"height":60}},"image":{"@type":"ImageObject","@id":"https:\/\/www.bielmeier.cz\/wp-content\/uploads\/ss_10_1.jpg","url":"https:\/\/www.bielmeier.cz\/wp-content\/uploads\/ss_10_1.jpg","height":0,"width":0},"keywords":null}]}