{"@context":"https:\/\/schema.org\/","@type":"CollectionPage","@id":"https:\/\/www.bielmeier.cz\/nakupy\/#CollectionPage","headline":"N\u00e1kupy Category","description":"","url":"https:\/\/www.bielmeier.cz\/nakupy\/","hasPart":[{"@type":"Article","@id":"https:\/\/www.bielmeier.cz\/celovka-na-kolo-je-velmi-praktickym-spolecnikem-na-vylety\/","headline":"\u010celovka na kolo je velmi praktick\u00fdm spole\u010dn\u00edkem na v\u00fdlety","url":"https:\/\/www.bielmeier.cz\/celovka-na-kolo-je-velmi-praktickym-spolecnikem-na-vylety\/","datePublished":"2021-06-06","dateModified":"2023-05-02","mainEntityOfPage":"https:\/\/www.bielmeier.cz\/celovka-na-kolo-je-velmi-praktickym-spolecnikem-na-vylety\/","author":{"@type":"Person","@id":"https:\/\/www.bielmeier.cz\/author\/#Person","name":"","url":"https:\/\/www.bielmeier.cz\/author\/","identifier":1,"image":{"@type":"ImageObject","@id":"https:\/\/secure.gravatar.com\/avatar\/1ea551d08e5aaea35ec0edab8371d7eaf798177f38aa8a77e65ff33bf2d8edc8?s=96&d=mm&r=g","url":"https:\/\/secure.gravatar.com\/avatar\/1ea551d08e5aaea35ec0edab8371d7eaf798177f38aa8a77e65ff33bf2d8edc8?s=96&d=mm&r=g","height":96,"width":96}},"publisher":{"@type":"Organization","name":"bielmeier.cz","logo":{"@type":"ImageObject","@id":"\/logo.png","url":"\/logo.png","width":600,"height":60}},"image":{"@type":"ImageObject","@id":"https:\/\/www.bielmeier.cz\/wp-content\/uploads\/%C4%8Delovka%20na%20kolo_cN6QK5.jpg","url":"https:\/\/www.bielmeier.cz\/wp-content\/uploads\/%C4%8Delovka%20na%20kolo_cN6QK5.jpg","height":0,"width":0},"keywords":null},{"@type":"Article","@id":"https:\/\/www.bielmeier.cz\/olivy-plus-pomerance-to-je-skutecne-idealni-darek-pro-muze\/","headline":"Olivy plus pomeran\u010de, to je skute\u010dn\u011b ide\u00e1ln\u00ed d\u00e1rek pro mu\u017ee","url":"https:\/\/www.bielmeier.cz\/olivy-plus-pomerance-to-je-skutecne-idealni-darek-pro-muze\/","datePublished":"2021-04-21","dateModified":"2023-05-02","mainEntityOfPage":"https:\/\/www.bielmeier.cz\/olivy-plus-pomerance-to-je-skutecne-idealni-darek-pro-muze\/","author":{"@type":"Person","@id":"https:\/\/www.bielmeier.cz\/author\/#Person","name":"","url":"https:\/\/www.bielmeier.cz\/author\/","identifier":1,"image":{"@type":"ImageObject","@id":"https:\/\/secure.gravatar.com\/avatar\/1ea551d08e5aaea35ec0edab8371d7eaf798177f38aa8a77e65ff33bf2d8edc8?s=96&d=mm&r=g","url":"https:\/\/secure.gravatar.com\/avatar\/1ea551d08e5aaea35ec0edab8371d7eaf798177f38aa8a77e65ff33bf2d8edc8?s=96&d=mm&r=g","height":96,"width":96}},"publisher":{"@type":"Organization","name":"bielmeier.cz","logo":{"@type":"ImageObject","@id":"\/logo.png","url":"\/logo.png","width":600,"height":60}},"image":{"@type":"ImageObject","@id":"https:\/\/www.bielmeier.cz\/wp-content\/uploads\/Marina%20Colonna%201_tmv5O4.jpg","url":"https:\/\/www.bielmeier.cz\/wp-content\/uploads\/Marina%20Colonna%201_tmv5O4.jpg","height":0,"width":0},"keywords":null},{"@type":"Article","@id":"https:\/\/www.bielmeier.cz\/sklenene-dvere-a-zasteny\/","headline":"Sklen\u011bn\u00e9 dve\u0159e a z\u00e1st\u011bny","url":"https:\/\/www.bielmeier.cz\/sklenene-dvere-a-zasteny\/","datePublished":"2021-04-12","dateModified":"2023-05-02","mainEntityOfPage":"https:\/\/www.bielmeier.cz\/sklenene-dvere-a-zasteny\/","author":{"@type":"Person","@id":"https:\/\/www.bielmeier.cz\/author\/#Person","name":"","url":"https:\/\/www.bielmeier.cz\/author\/","identifier":1,"image":{"@type":"ImageObject","@id":"https:\/\/secure.gravatar.com\/avatar\/1ea551d08e5aaea35ec0edab8371d7eaf798177f38aa8a77e65ff33bf2d8edc8?s=96&d=mm&r=g","url":"https:\/\/secure.gravatar.com\/avatar\/1ea551d08e5aaea35ec0edab8371d7eaf798177f38aa8a77e65ff33bf2d8edc8?s=96&d=mm&r=g","height":96,"width":96}},"publisher":{"@type":"Organization","name":"bielmeier.cz","logo":{"@type":"ImageObject","@id":"\/logo.png","url":"\/logo.png","width":600,"height":60}},"image":{"@type":"ImageObject","@id":"https:\/\/www.bielmeier.cz\/wp-content\/uploads\/sklen%C4%9Bn%C3%BD%20d%C5%AFm.PNG","url":"https:\/\/www.bielmeier.cz\/wp-content\/uploads\/sklen%C4%9Bn%C3%BD%20d%C5%AFm.PNG","height":0,"width":0},"keywords":null},{"@type":"Article","@id":"https:\/\/www.bielmeier.cz\/proudovy-chranic-s-jisticem-zabrani-pozaru\/","headline":"Proudov\u00fd chr\u00e1ni\u010d s jisti\u010dem zabr\u00e1n\u00ed po\u017e\u00e1ru","url":"https:\/\/www.bielmeier.cz\/proudovy-chranic-s-jisticem-zabrani-pozaru\/","datePublished":"2021-01-23","dateModified":"2023-05-02","mainEntityOfPage":"https:\/\/www.bielmeier.cz\/proudovy-chranic-s-jisticem-zabrani-pozaru\/","author":{"@type":"Person","@id":"https:\/\/www.bielmeier.cz\/author\/#Person","name":"","url":"https:\/\/www.bielmeier.cz\/author\/","identifier":1,"image":{"@type":"ImageObject","@id":"https:\/\/secure.gravatar.com\/avatar\/1ea551d08e5aaea35ec0edab8371d7eaf798177f38aa8a77e65ff33bf2d8edc8?s=96&d=mm&r=g","url":"https:\/\/secure.gravatar.com\/avatar\/1ea551d08e5aaea35ec0edab8371d7eaf798177f38aa8a77e65ff33bf2d8edc8?s=96&d=mm&r=g","height":96,"width":96}},"publisher":{"@type":"Organization","name":"bielmeier.cz","logo":{"@type":"ImageObject","@id":"\/logo.png","url":"\/logo.png","width":600,"height":60}},"image":{"@type":"ImageObject","@id":"https:\/\/www.bielmeier.cz\/wp-content\/uploads\/proudovy-chranic-noark-2p-25a-30ma-230v-6ka_K4G3pb.jpg","url":"https:\/\/www.bielmeier.cz\/wp-content\/uploads\/proudovy-chranic-noark-2p-25a-30ma-230v-6ka_K4G3pb.jpg","height":0,"width":0},"keywords":null},{"@type":"Article","@id":"https:\/\/www.bielmeier.cz\/turbo-ma-dulezitou-funkci\/","headline":"Turbo m\u00e1 d\u016fle\u017eitou funkci","url":"https:\/\/www.bielmeier.cz\/turbo-ma-dulezitou-funkci\/","datePublished":"2020-11-23","dateModified":"2023-05-02","mainEntityOfPage":"https:\/\/www.bielmeier.cz\/turbo-ma-dulezitou-funkci\/","author":{"@type":"Person","@id":"https:\/\/www.bielmeier.cz\/author\/#Person","name":"","url":"https:\/\/www.bielmeier.cz\/author\/","identifier":1,"image":{"@type":"ImageObject","@id":"https:\/\/secure.gravatar.com\/avatar\/1ea551d08e5aaea35ec0edab8371d7eaf798177f38aa8a77e65ff33bf2d8edc8?s=96&d=mm&r=g","url":"https:\/\/secure.gravatar.com\/avatar\/1ea551d08e5aaea35ec0edab8371d7eaf798177f38aa8a77e65ff33bf2d8edc8?s=96&d=mm&r=g","height":96,"width":96}},"publisher":{"@type":"Organization","name":"bielmeier.cz","logo":{"@type":"ImageObject","@id":"\/logo.png","url":"\/logo.png","width":600,"height":60}},"image":{"@type":"ImageObject","@id":"https:\/\/www.bielmeier.cz\/wp-content\/uploads\/img_a390731_w3830_t1606217322.jpg","url":"https:\/\/www.bielmeier.cz\/wp-content\/uploads\/img_a390731_w3830_t1606217322.jpg","height":0,"width":0},"keywords":null},{"@type":"Article","@id":"https:\/\/www.bielmeier.cz\/stredomorska-perla-aneb-olivovy-olej-z-farmy-chiavalon\/","headline":"St\u0159edomo\u0159sk\u00e1 perla aneb olivov\u00fd olej z farmy Chiavalon","url":"https:\/\/www.bielmeier.cz\/stredomorska-perla-aneb-olivovy-olej-z-farmy-chiavalon\/","datePublished":"2020-11-19","dateModified":"2023-09-18","mainEntityOfPage":"https:\/\/www.bielmeier.cz\/stredomorska-perla-aneb-olivovy-olej-z-farmy-chiavalon\/","author":{"@type":"Person","@id":"https:\/\/www.bielmeier.cz\/author\/#Person","name":"","url":"https:\/\/www.bielmeier.cz\/author\/","identifier":1,"image":{"@type":"ImageObject","@id":"https:\/\/secure.gravatar.com\/avatar\/1ea551d08e5aaea35ec0edab8371d7eaf798177f38aa8a77e65ff33bf2d8edc8?s=96&d=mm&r=g","url":"https:\/\/secure.gravatar.com\/avatar\/1ea551d08e5aaea35ec0edab8371d7eaf798177f38aa8a77e65ff33bf2d8edc8?s=96&d=mm&r=g","height":96,"width":96}},"publisher":{"@type":"Organization","name":"bielmeier.cz","logo":{"@type":"ImageObject","@id":"\/logo.png","url":"\/logo.png","width":600,"height":60}},"image":{"@type":"ImageObject","@id":"https:\/\/www.bielmeier.cz\/wp-content\/uploads\/Chiavalon%20Mlado%20-%20Organic_jTpud4.jpg","url":"https:\/\/www.bielmeier.cz\/wp-content\/uploads\/Chiavalon%20Mlado%20-%20Organic_jTpud4.jpg","height":0,"width":0},"keywords":null},{"@type":"Article","@id":"https:\/\/www.bielmeier.cz\/tipy-pro-spravne-hubnuti-co-musite-udelat-aby-se-to-konecne-povedlo\/","headline":"Tipy pro spr\u00e1vn\u00e9 hubnut\u00ed &#8211; co mus\u00edte ud\u011blat, aby se to kone\u010dn\u011b povedlo","url":"https:\/\/www.bielmeier.cz\/tipy-pro-spravne-hubnuti-co-musite-udelat-aby-se-to-konecne-povedlo\/","datePublished":"2020-10-19","dateModified":"2023-05-02","mainEntityOfPage":"https:\/\/www.bielmeier.cz\/tipy-pro-spravne-hubnuti-co-musite-udelat-aby-se-to-konecne-povedlo\/","author":{"@type":"Person","@id":"https:\/\/www.bielmeier.cz\/author\/#Person","name":"","url":"https:\/\/www.bielmeier.cz\/author\/","identifier":1,"image":{"@type":"ImageObject","@id":"https:\/\/secure.gravatar.com\/avatar\/1ea551d08e5aaea35ec0edab8371d7eaf798177f38aa8a77e65ff33bf2d8edc8?s=96&d=mm&r=g","url":"https:\/\/secure.gravatar.com\/avatar\/1ea551d08e5aaea35ec0edab8371d7eaf798177f38aa8a77e65ff33bf2d8edc8?s=96&d=mm&r=g","height":96,"width":96}},"publisher":{"@type":"Organization","name":"bielmeier.cz","logo":{"@type":"ImageObject","@id":"\/logo.png","url":"\/logo.png","width":600,"height":60}},"image":{"@type":"ImageObject","@id":"https:\/\/www.bielmeier.cz\/wp-content\/uploads\/pexels-photo-4210813.jpeg","url":"https:\/\/www.bielmeier.cz\/wp-content\/uploads\/pexels-photo-4210813.jpeg","height":0,"width":0},"keywords":null},{"@type":"Article","@id":"https:\/\/www.bielmeier.cz\/vyvazena-snidane-pro-kazdy-den\/","headline":"Vyv\u00e1\u017een\u00e1 sn\u00eddan\u011b pro ka\u017ed\u00fd den","url":"https:\/\/www.bielmeier.cz\/vyvazena-snidane-pro-kazdy-den\/","datePublished":"2020-09-13","dateModified":"2023-05-02","mainEntityOfPage":"https:\/\/www.bielmeier.cz\/vyvazena-snidane-pro-kazdy-den\/","author":{"@type":"Person","@id":"https:\/\/www.bielmeier.cz\/author\/#Person","name":"","url":"https:\/\/www.bielmeier.cz\/author\/","identifier":1,"image":{"@type":"ImageObject","@id":"https:\/\/secure.gravatar.com\/avatar\/1ea551d08e5aaea35ec0edab8371d7eaf798177f38aa8a77e65ff33bf2d8edc8?s=96&d=mm&r=g","url":"https:\/\/secure.gravatar.com\/avatar\/1ea551d08e5aaea35ec0edab8371d7eaf798177f38aa8a77e65ff33bf2d8edc8?s=96&d=mm&r=g","height":96,"width":96}},"publisher":{"@type":"Organization","name":"bielmeier.cz","logo":{"@type":"ImageObject","@id":"\/logo.png","url":"\/logo.png","width":600,"height":60}},"image":{"@type":"ImageObject","@id":"https:\/\/www.bielmeier.cz\/wp-content\/uploads\/vyv%C3%A1%C5%BEen%C3%A1%20sn%C3%ADdan%C4%9B_1.jpg","url":"https:\/\/www.bielmeier.cz\/wp-content\/uploads\/vyv%C3%A1%C5%BEen%C3%A1%20sn%C3%ADdan%C4%9B_1.jpg","height":0,"width":0},"keywords":null},{"@type":"Article","@id":"https:\/\/www.bielmeier.cz\/vyklizeci-a-likvidacni-prace\/","headline":"Vykl\u00edzec\u00ed a likvida\u010dn\u00ed pr\u00e1ce","url":"https:\/\/www.bielmeier.cz\/vyklizeci-a-likvidacni-prace\/","datePublished":"2020-08-08","dateModified":"2023-09-01","mainEntityOfPage":"https:\/\/www.bielmeier.cz\/vyklizeci-a-likvidacni-prace\/","author":{"@type":"Person","@id":"https:\/\/www.bielmeier.cz\/author\/#Person","name":"","url":"https:\/\/www.bielmeier.cz\/author\/","identifier":1,"image":{"@type":"ImageObject","@id":"https:\/\/secure.gravatar.com\/avatar\/1ea551d08e5aaea35ec0edab8371d7eaf798177f38aa8a77e65ff33bf2d8edc8?s=96&d=mm&r=g","url":"https:\/\/secure.gravatar.com\/avatar\/1ea551d08e5aaea35ec0edab8371d7eaf798177f38aa8a77e65ff33bf2d8edc8?s=96&d=mm&r=g","height":96,"width":96}},"publisher":{"@type":"Organization","name":"bielmeier.cz","logo":{"@type":"ImageObject","@id":"\/logo.png","url":"\/logo.png","width":600,"height":60}},"image":{"@type":"ImageObject","@id":"https:\/\/www.bielmeier.cz\/wp-content\/uploads\/img_a383916_w3830_t1597130212.jpg","url":"https:\/\/www.bielmeier.cz\/wp-content\/uploads\/img_a383916_w3830_t1597130212.jpg","height":0,"width":0},"keywords":null},{"@type":"Article","@id":"https:\/\/www.bielmeier.cz\/alergeny-v-potravinach\/","headline":"Alergeny v potravin\u00e1ch","url":"https:\/\/www.bielmeier.cz\/alergeny-v-potravinach\/","datePublished":"2020-06-21","dateModified":"2023-05-02","mainEntityOfPage":"https:\/\/www.bielmeier.cz\/alergeny-v-potravinach\/","author":{"@type":"Person","@id":"https:\/\/www.bielmeier.cz\/author\/#Person","name":"","url":"https:\/\/www.bielmeier.cz\/author\/","identifier":1,"image":{"@type":"ImageObject","@id":"https:\/\/secure.gravatar.com\/avatar\/1ea551d08e5aaea35ec0edab8371d7eaf798177f38aa8a77e65ff33bf2d8edc8?s=96&d=mm&r=g","url":"https:\/\/secure.gravatar.com\/avatar\/1ea551d08e5aaea35ec0edab8371d7eaf798177f38aa8a77e65ff33bf2d8edc8?s=96&d=mm&r=g","height":96,"width":96}},"publisher":{"@type":"Organization","name":"bielmeier.cz","logo":{"@type":"ImageObject","@id":"\/logo.png","url":"\/logo.png","width":600,"height":60}},"image":{"@type":"ImageObject","@id":"https:\/\/www.bielmeier.cz\/wp-content\/uploads\/ara%C5%A1%C3%ADdy.jpg","url":"https:\/\/www.bielmeier.cz\/wp-content\/uploads\/ara%C5%A1%C3%ADdy.jpg","height":0,"width":0},"keywords":null}]}