{"@context":"https:\/\/schema.org\/","@type":"CollectionPage","@id":"https:\/\/www.bielmeier.cz\/nakupy\/#CollectionPage","headline":"N\u00e1kupy Category","description":"","url":"https:\/\/www.bielmeier.cz\/nakupy\/","hasPart":[{"@type":"Article","@id":"https:\/\/www.bielmeier.cz\/jake-jsou-typy-kompresoru\/","headline":"Jak\u00e9 jsou typy kompresor\u016f?","url":"https:\/\/www.bielmeier.cz\/jake-jsou-typy-kompresoru\/","datePublished":"2020-06-20","dateModified":"2023-05-02","mainEntityOfPage":"https:\/\/www.bielmeier.cz\/jake-jsou-typy-kompresoru\/","author":{"@type":"Person","@id":"https:\/\/www.bielmeier.cz\/author\/#Person","name":"","url":"https:\/\/www.bielmeier.cz\/author\/","identifier":1,"image":{"@type":"ImageObject","@id":"https:\/\/secure.gravatar.com\/avatar\/1ea551d08e5aaea35ec0edab8371d7eaf798177f38aa8a77e65ff33bf2d8edc8?s=96&d=mm&r=g","url":"https:\/\/secure.gravatar.com\/avatar\/1ea551d08e5aaea35ec0edab8371d7eaf798177f38aa8a77e65ff33bf2d8edc8?s=96&d=mm&r=g","height":96,"width":96}},"publisher":{"@type":"Organization","name":"bielmeier.cz","logo":{"@type":"ImageObject","@id":"\/logo.png","url":"\/logo.png","width":600,"height":60}},"image":{"@type":"ImageObject","@id":"https:\/\/www.bielmeier.cz\/wp-content\/uploads\/komp.jpg","url":"https:\/\/www.bielmeier.cz\/wp-content\/uploads\/komp.jpg","height":0,"width":0},"keywords":null},{"@type":"Article","@id":"https:\/\/www.bielmeier.cz\/stylove-zahradni-zastreseni\/","headline":"Stylov\u00e9 zahradn\u00ed zast\u0159e\u0161en\u00ed","url":"https:\/\/www.bielmeier.cz\/stylove-zahradni-zastreseni\/","datePublished":"2020-05-11","dateModified":"2023-12-12","mainEntityOfPage":"https:\/\/www.bielmeier.cz\/stylove-zahradni-zastreseni\/","author":{"@type":"Person","@id":"https:\/\/www.bielmeier.cz\/author\/#Person","name":"","url":"https:\/\/www.bielmeier.cz\/author\/","identifier":1,"image":{"@type":"ImageObject","@id":"https:\/\/secure.gravatar.com\/avatar\/1ea551d08e5aaea35ec0edab8371d7eaf798177f38aa8a77e65ff33bf2d8edc8?s=96&d=mm&r=g","url":"https:\/\/secure.gravatar.com\/avatar\/1ea551d08e5aaea35ec0edab8371d7eaf798177f38aa8a77e65ff33bf2d8edc8?s=96&d=mm&r=g","height":96,"width":96}},"publisher":{"@type":"Organization","name":"bielmeier.cz","logo":{"@type":"ImageObject","@id":"\/logo.png","url":"\/logo.png","width":600,"height":60}},"image":{"@type":"ImageObject","@id":"https:\/\/www.bielmeier.cz\/wp-content\/uploads\/Modern%C3%AD%20pergola_1.jpg","url":"https:\/\/www.bielmeier.cz\/wp-content\/uploads\/Modern%C3%AD%20pergola_1.jpg","height":0,"width":0},"keywords":null},{"@type":"Article","@id":"https:\/\/www.bielmeier.cz\/zpenezte-sve-zlato\/","headline":"Zpen\u011b\u017ete sv\u00e9 zlato","url":"https:\/\/www.bielmeier.cz\/zpenezte-sve-zlato\/","datePublished":"2020-05-02","dateModified":"2023-11-02","mainEntityOfPage":"https:\/\/www.bielmeier.cz\/zpenezte-sve-zlato\/","author":{"@type":"Person","@id":"https:\/\/www.bielmeier.cz\/author\/#Person","name":"","url":"https:\/\/www.bielmeier.cz\/author\/","identifier":1,"image":{"@type":"ImageObject","@id":"https:\/\/secure.gravatar.com\/avatar\/1ea551d08e5aaea35ec0edab8371d7eaf798177f38aa8a77e65ff33bf2d8edc8?s=96&d=mm&r=g","url":"https:\/\/secure.gravatar.com\/avatar\/1ea551d08e5aaea35ec0edab8371d7eaf798177f38aa8a77e65ff33bf2d8edc8?s=96&d=mm&r=g","height":96,"width":96}},"publisher":{"@type":"Organization","name":"bielmeier.cz","logo":{"@type":"ImageObject","@id":"\/logo.png","url":"\/logo.png","width":600,"height":60}},"image":{"@type":"ImageObject","@id":"https:\/\/www.bielmeier.cz\/wp-content\/uploads\/img_a379443_w3830_t1591004271.jpg","url":"https:\/\/www.bielmeier.cz\/wp-content\/uploads\/img_a379443_w3830_t1591004271.jpg","height":0,"width":0},"keywords":null},{"@type":"Article","@id":"https:\/\/www.bielmeier.cz\/zacatky-mohou-byt-tezke\/","headline":"Za\u010d\u00e1tky mohou b\u00fdt t\u011b\u017ek\u00e9","url":"https:\/\/www.bielmeier.cz\/zacatky-mohou-byt-tezke\/","datePublished":"2020-04-13","dateModified":"2023-05-02","mainEntityOfPage":"https:\/\/www.bielmeier.cz\/zacatky-mohou-byt-tezke\/","author":{"@type":"Person","@id":"https:\/\/www.bielmeier.cz\/author\/#Person","name":"","url":"https:\/\/www.bielmeier.cz\/author\/","identifier":1,"image":{"@type":"ImageObject","@id":"https:\/\/secure.gravatar.com\/avatar\/1ea551d08e5aaea35ec0edab8371d7eaf798177f38aa8a77e65ff33bf2d8edc8?s=96&d=mm&r=g","url":"https:\/\/secure.gravatar.com\/avatar\/1ea551d08e5aaea35ec0edab8371d7eaf798177f38aa8a77e65ff33bf2d8edc8?s=96&d=mm&r=g","height":96,"width":96}},"publisher":{"@type":"Organization","name":"bielmeier.cz","logo":{"@type":"ImageObject","@id":"\/logo.png","url":"\/logo.png","width":600,"height":60}},"image":{"@type":"ImageObject","@id":"https:\/\/www.bielmeier.cz\/wp-content\/uploads\/b%C4%9B%C5%BE%C3%ADc%C3%AD%20mu%C5%BE.jpg","url":"https:\/\/www.bielmeier.cz\/wp-content\/uploads\/b%C4%9B%C5%BE%C3%ADc%C3%AD%20mu%C5%BE.jpg","height":0,"width":0},"keywords":null},{"@type":"Article","@id":"https:\/\/www.bielmeier.cz\/postel-pro-deti-je-vice-nez-jenom-kus-dreva\/","headline":"Postel pro d\u011bti je v\u00edce ne\u017e jenom kus d\u0159eva","url":"https:\/\/www.bielmeier.cz\/postel-pro-deti-je-vice-nez-jenom-kus-dreva\/","datePublished":"2020-02-07","dateModified":"2023-10-09","mainEntityOfPage":"https:\/\/www.bielmeier.cz\/postel-pro-deti-je-vice-nez-jenom-kus-dreva\/","author":{"@type":"Person","@id":"https:\/\/www.bielmeier.cz\/author\/#Person","name":"","url":"https:\/\/www.bielmeier.cz\/author\/","identifier":1,"image":{"@type":"ImageObject","@id":"https:\/\/secure.gravatar.com\/avatar\/1ea551d08e5aaea35ec0edab8371d7eaf798177f38aa8a77e65ff33bf2d8edc8?s=96&d=mm&r=g","url":"https:\/\/secure.gravatar.com\/avatar\/1ea551d08e5aaea35ec0edab8371d7eaf798177f38aa8a77e65ff33bf2d8edc8?s=96&d=mm&r=g","height":96,"width":96}},"publisher":{"@type":"Organization","name":"bielmeier.cz","logo":{"@type":"ImageObject","@id":"\/logo.png","url":"\/logo.png","width":600,"height":60}},"image":{"@type":"ImageObject","@id":"https:\/\/www.bielmeier.cz\/wp-content\/uploads\/img_a376242_w3830_t1587629236.jpg","url":"https:\/\/www.bielmeier.cz\/wp-content\/uploads\/img_a376242_w3830_t1587629236.jpg","height":0,"width":0},"keywords":null},{"@type":"Article","@id":"https:\/\/www.bielmeier.cz\/jsou-led-zarovky-lepsi-nez-ty-klasicke\/","headline":"Jsou LED \u017e\u00e1rovky lep\u0161\u00ed ne\u017e ty klasick\u00e9?","url":"https:\/\/www.bielmeier.cz\/jsou-led-zarovky-lepsi-nez-ty-klasicke\/","datePublished":"2020-02-06","dateModified":"2023-05-02","mainEntityOfPage":"https:\/\/www.bielmeier.cz\/jsou-led-zarovky-lepsi-nez-ty-klasicke\/","author":{"@type":"Person","@id":"https:\/\/www.bielmeier.cz\/author\/#Person","name":"","url":"https:\/\/www.bielmeier.cz\/author\/","identifier":1,"image":{"@type":"ImageObject","@id":"https:\/\/secure.gravatar.com\/avatar\/1ea551d08e5aaea35ec0edab8371d7eaf798177f38aa8a77e65ff33bf2d8edc8?s=96&d=mm&r=g","url":"https:\/\/secure.gravatar.com\/avatar\/1ea551d08e5aaea35ec0edab8371d7eaf798177f38aa8a77e65ff33bf2d8edc8?s=96&d=mm&r=g","height":96,"width":96}},"publisher":{"@type":"Organization","name":"bielmeier.cz","logo":{"@type":"ImageObject","@id":"\/logo.png","url":"\/logo.png","width":600,"height":60}},"image":{"@type":"ImageObject","@id":"https:\/\/www.bielmeier.cz\/wp-content\/uploads\/img_a381678_w3830_t1592903395.jpg","url":"https:\/\/www.bielmeier.cz\/wp-content\/uploads\/img_a381678_w3830_t1592903395.jpg","height":0,"width":0},"keywords":null},{"@type":"Article","@id":"https:\/\/www.bielmeier.cz\/jak-letos-vyzrat-na-vanocni-nakupy\/","headline":"Jak letos vyzr\u00e1t na v\u00e1no\u010dn\u00ed n\u00e1kupy?","url":"https:\/\/www.bielmeier.cz\/jak-letos-vyzrat-na-vanocni-nakupy\/","datePublished":"2019-11-21","dateModified":"2023-05-02","mainEntityOfPage":"https:\/\/www.bielmeier.cz\/jak-letos-vyzrat-na-vanocni-nakupy\/","author":{"@type":"Person","@id":"https:\/\/www.bielmeier.cz\/author\/#Person","name":"","url":"https:\/\/www.bielmeier.cz\/author\/","identifier":1,"image":{"@type":"ImageObject","@id":"https:\/\/secure.gravatar.com\/avatar\/1ea551d08e5aaea35ec0edab8371d7eaf798177f38aa8a77e65ff33bf2d8edc8?s=96&d=mm&r=g","url":"https:\/\/secure.gravatar.com\/avatar\/1ea551d08e5aaea35ec0edab8371d7eaf798177f38aa8a77e65ff33bf2d8edc8?s=96&d=mm&r=g","height":96,"width":96}},"publisher":{"@type":"Organization","name":"bielmeier.cz","logo":{"@type":"ImageObject","@id":"\/logo.png","url":"\/logo.png","width":600,"height":60}},"image":{"@type":"ImageObject","@id":"https:\/\/www.bielmeier.cz\/wp-content\/uploads\/img_a359116_w3830_t1573292960.jpg","url":"https:\/\/www.bielmeier.cz\/wp-content\/uploads\/img_a359116_w3830_t1573292960.jpg","height":0,"width":0},"keywords":null},{"@type":"Article","@id":"https:\/\/www.bielmeier.cz\/koho-vlastne-zivime\/","headline":"Koho vlastn\u011b \u017eiv\u00edme?","url":"https:\/\/www.bielmeier.cz\/koho-vlastne-zivime\/","datePublished":"2019-10-14","dateModified":"2023-05-02","mainEntityOfPage":"https:\/\/www.bielmeier.cz\/koho-vlastne-zivime\/","author":{"@type":"Person","@id":"https:\/\/www.bielmeier.cz\/author\/#Person","name":"","url":"https:\/\/www.bielmeier.cz\/author\/","identifier":1,"image":{"@type":"ImageObject","@id":"https:\/\/secure.gravatar.com\/avatar\/1ea551d08e5aaea35ec0edab8371d7eaf798177f38aa8a77e65ff33bf2d8edc8?s=96&d=mm&r=g","url":"https:\/\/secure.gravatar.com\/avatar\/1ea551d08e5aaea35ec0edab8371d7eaf798177f38aa8a77e65ff33bf2d8edc8?s=96&d=mm&r=g","height":96,"width":96}},"publisher":{"@type":"Organization","name":"bielmeier.cz","logo":{"@type":"ImageObject","@id":"\/logo.png","url":"\/logo.png","width":600,"height":60}},"image":{"@type":"ImageObject","@id":"https:\/\/www.bielmeier.cz\/wp-content\/uploads\/img_a356163_w3830_t1570889690.jpg","url":"https:\/\/www.bielmeier.cz\/wp-content\/uploads\/img_a356163_w3830_t1570889690.jpg","height":0,"width":0},"keywords":null},{"@type":"Article","@id":"https:\/\/www.bielmeier.cz\/spaldova-kava-pro-zdrave-srdce\/","headline":"\u0160paldov\u00e1 k\u00e1va pro zdrav\u00e9 srdce","url":"https:\/\/www.bielmeier.cz\/spaldova-kava-pro-zdrave-srdce\/","datePublished":"2017-05-28","dateModified":"2023-05-02","mainEntityOfPage":"https:\/\/www.bielmeier.cz\/spaldova-kava-pro-zdrave-srdce\/","author":{"@type":"Person","@id":"https:\/\/www.bielmeier.cz\/author\/#Person","name":"","url":"https:\/\/www.bielmeier.cz\/author\/","identifier":1,"image":{"@type":"ImageObject","@id":"https:\/\/secure.gravatar.com\/avatar\/1ea551d08e5aaea35ec0edab8371d7eaf798177f38aa8a77e65ff33bf2d8edc8?s=96&d=mm&r=g","url":"https:\/\/secure.gravatar.com\/avatar\/1ea551d08e5aaea35ec0edab8371d7eaf798177f38aa8a77e65ff33bf2d8edc8?s=96&d=mm&r=g","height":96,"width":96}},"publisher":{"@type":"Organization","name":"bielmeier.cz","logo":{"@type":"ImageObject","@id":"\/logo.png","url":"\/logo.png","width":600,"height":60}},"image":{"@type":"ImageObject","@id":"https:\/\/www.bielmeier.cz\/wp-content\/uploads\/img_a289767_w1972_t1501260789.jpg","url":"https:\/\/www.bielmeier.cz\/wp-content\/uploads\/img_a289767_w1972_t1501260789.jpg","height":0,"width":0},"keywords":null}]}