[{"@context":"https:\/\/schema.org\/","@type":"Article","@id":"https:\/\/www.bielmeier.cz\/originalni-doplnky-nejen-pro-muze\/#Article","mainEntityOfPage":"https:\/\/www.bielmeier.cz\/originalni-doplnky-nejen-pro-muze\/","headline":"Origin\u00e1ln\u00ed dopl\u0148ky nejen pro mu\u017ee","name":"Origin\u00e1ln\u00ed dopl\u0148ky nejen pro mu\u017ee","description":"Je pravdou, \u017ee v sou\u010dasn\u00e9 dob\u011b se mu\u017ei nevyh\u00fdbaj\u00ed tomu, aby si po\u0159\u00eddili \u0161perky na ruku nebo krk, zvl\u00e1\u0161t\u011b pokud se bude jednat o drah\u00e9 p\u0159\u00edrodn\u00ed nerosty. \u010castokr\u00e1t se b\u011b\u017en\u011b nos\u00ed i v\u011bt\u0161\u00ed prsteny, ale je tak\u00e9 realitou, \u017ee ne ka\u017ed\u00fd je p\u0159\u00edznivcem t\u011bchto dopl\u0148k\u016f. Pro ty, kte\u0159\u00ed vyhled\u00e1vaj\u00ed specifickou moc t\u011bchto p\u0159\u00edrodn\u00edch skvost\u016f, je...","datePublished":"2023-12-15","dateModified":"2023-12-20","author":{"@type":"Person","@id":"https:\/\/www.bielmeier.cz\/author\/#Person","name":"","url":"https:\/\/www.bielmeier.cz\/author\/","identifier":1,"image":{"@type":"ImageObject","@id":"https:\/\/secure.gravatar.com\/avatar\/1ea551d08e5aaea35ec0edab8371d7eaf798177f38aa8a77e65ff33bf2d8edc8?s=96&d=mm&r=g","url":"https:\/\/secure.gravatar.com\/avatar\/1ea551d08e5aaea35ec0edab8371d7eaf798177f38aa8a77e65ff33bf2d8edc8?s=96&d=mm&r=g","height":96,"width":96}},"publisher":{"@type":"Organization","name":"bielmeier.cz","logo":{"@type":"ImageObject","@id":"\/logo.png","url":"\/logo.png","width":600,"height":60}},"image":{"@type":"ImageObject","@id":"https:\/\/www.bielmeier.cz\/wp-content\/uploads\/privesek_mgFtnb.jpg","url":"https:\/\/www.bielmeier.cz\/wp-content\/uploads\/privesek_mgFtnb.jpg","height":0,"width":0},"url":"https:\/\/www.bielmeier.cz\/originalni-doplnky-nejen-pro-muze\/","about":["N\u00e1kupy"],"wordCount":432,"articleBody":"      Je pravdou, \u017ee v sou\u010dasn\u00e9 dob\u011b se mu\u017ei nevyh\u00fdbaj\u00ed tomu, aby si po\u0159\u00eddili \u0161perky na ruku nebo krk, zvl\u00e1\u0161t\u011b pokud se bude jednat o drah\u00e9 p\u0159\u00edrodn\u00ed nerosty. \u010castokr\u00e1t se b\u011b\u017en\u011b nos\u00ed i v\u011bt\u0161\u00ed prsteny, ale je tak\u00e9 realitou, \u017ee ne ka\u017ed\u00fd je p\u0159\u00edznivcem t\u011bchto dopl\u0148k\u016f. Pro ty, kte\u0159\u00ed vyhled\u00e1vaj\u00ed specifickou moc t\u011bchto p\u0159\u00edrodn\u00edch skvost\u016f, je tu dobr\u00e1 zpr\u00e1va. Lze toti\u017e jim po\u0159\u00eddit p\u0159\u00edv\u011bsky na kl\u00ed\u010de z kamen\u016f, kter\u00e9 jim budu nejbli\u017e\u0161\u00ed pro jejich vzhled, ale i nadp\u0159irozenou moc. P\u0159\u00edv\u011bsky na kl\u00ed\u010de z l\u00e9\u010div\u00fdch kamen\u016f jsou toti\u017e nejen stylov\u00fdm dopl\u0148kem, ale tak\u00e9 p\u0159in\u00e1\u0161ej\u00ed mnoho v\u00fdhod a prosp\u011bch pro fyzick\u00e9, emocion\u00e1ln\u00ed a duchovn\u00ed zdrav\u00ed, samoz\u0159ejm\u011b zvl\u00e1\u0161t\u011b pro ty osoby, kte\u0159\u00ed v jejich nadp\u0159irozeno v\u011b\u0159\u00ed. P\u0159\u00edv\u011b\u0161ky na kl\u00ed\u010de, kde jsou tyto kameny, jsou samoz\u0159ejm\u011b vhodn\u00e9 i pro \u017eeny.  Je mnoho d\u016fvod\u016f pro\u010d po\u0159\u00eddit p\u0159\u00edv\u011b\u0161ky na kl\u00ed\u010de z tohoto materi\u00e1lu  Ide\u00e1ln\u00ed a velmi p\u011bkn\u00fd d\u00e1rek, jeliko\u017e nenajdete dva naprosto stejn\u00e9 kusy, to toti\u017e d\u011bl\u00e1 tyto kameny zaj\u00edmav\u00fdmi a jedine\u010dn\u00fdmi. L\u00e9\u010div\u00e9 kameny, kter\u00e9 jsou pou\u017eity ve v\u00fdrob\u011b t\u011bchto p\u0159\u00edv\u011bsk\u016f, maj\u00ed dlouhou historii pou\u017e\u00edv\u00e1n\u00ed v alternativn\u00ed medic\u00edn\u011b a d\u00edky tomu jsou i rovn\u011b\u017e vyhled\u00e1v\u00e1ny. M\u016f\u017eete je bez probl\u00e9m\u016f st\u00e1le nosit s sebou ka\u017ed\u00fd den a vyu\u017e\u00edvat je k dosa\u017een\u00ed rovnov\u00e1hy a harmonie v \u017eivot\u011b. Kdo v\u011b\u0159\u00ed v jejich moc, tak pot\u00e9 pro n\u011bho budou m\u00edt je\u0161t\u011b hlub\u0161\u00ed v\u00fdznam a to, \u017ee budou podporovat fyzick\u00e9 zdrav\u00ed, samoz\u0159ejm\u011b podle toho, jak\u00e9 kameny budou pou\u017eity na v\u00fdrobu p\u0159\u00edv\u011b\u0161ku na kl\u00ed\u010de.   Bezpochyby jsou velmi praktick\u00fdm, stylov\u00fdm a koneckonc\u016f i osobn\u00edm dopl\u0148kem.  Na v\u00fdrobu se mohou pou\u017e\u00edt r\u016fzn\u00e9 barevn\u00e9 kombinace slo\u017een\u00e9 z r\u016fzn\u00fdch kamen\u016f nebo zase si lze vybrat nap\u0159\u00edklad p\u0159\u00edv\u011bsky, kter\u00e9 budou z jednoho specifick\u00e9ho kamene. P\u0159\u00edv\u011bsky na kl\u00ed\u010de z l\u00e9\u010div\u00fdch kamen\u016f jsou v\u00fdjime\u010dn\u00e9 t\u00edm, jak se d\u00e1 vyu\u017e\u00edt l\u00e9\u010div\u00e1 s\u00edla kamen\u016f v ka\u017edodenn\u00edm \u017eivot\u011b. Mo\u017enost\u00ed je skute\u010dn\u011b mnoho. Z praktick\u00e9 str\u00e1nky m\u016f\u017eete tak z\u00edskat zaj\u00edmav\u00fd a velmi p\u011bkn\u00fd d\u00e1rek ke ka\u017ed\u00e9mu v\u00fdro\u010d\u00ed, co\u017e se rovn\u011b\u017e hod\u00ed.                                                                                                                                                                                                                                                                                                                                                                                          4.4\/5 - (5 votes)        "},{"@context":"https:\/\/schema.org\/","@type":"BreadcrumbList","itemListElement":[{"@type":"ListItem","position":1,"name":"Origin\u00e1ln\u00ed dopl\u0148ky nejen pro mu\u017ee","item":"https:\/\/www.bielmeier.cz\/originalni-doplnky-nejen-pro-muze\/#breadcrumbitem"}]}]