[{"@context":"https:\/\/schema.org\/","@type":"Blog","@id":"https:\/\/www.bielmeier.cz#Blog","headline":"Bielmeier","description":"\nV \u017eivot\u011b se m\u016f\u017ee st\u00e1t cokoliv. I to naprosto nejneo\u010dek\u00e1van\u011bj\u0161\u00ed. A \u010dlov\u011bk na to mus\u00ed b\u00fdt v\u017edy p\u0159ipraven. Nebo aspo\u0148 zn\u00e1t n\u00e1\u0161 web, kde doty\u010dn\u00e9mu v\u017edy pom\u016f\u017eeme.","url":"https:\/\/www.bielmeier.cz","hasPart":[{"@type":"Article","@id":"https:\/\/www.bielmeier.cz\/nabizime-take-operativni-leasing\/","headline":"Nab\u00edz\u00edme tak\u00e9 operativn\u00ed leasing","url":"https:\/\/www.bielmeier.cz\/nabizime-take-operativni-leasing\/","datePublished":"2025-03-14","dateModified":"2025-03-14","mainEntityOfPage":"https:\/\/www.bielmeier.cz\/nabizime-take-operativni-leasing\/","author":{"@type":"Person","@id":"https:\/\/www.bielmeier.cz\/author\/#Person","name":"","url":"https:\/\/www.bielmeier.cz\/author\/","identifier":1,"image":{"@type":"ImageObject","@id":"https:\/\/secure.gravatar.com\/avatar\/1ea551d08e5aaea35ec0edab8371d7eaf798177f38aa8a77e65ff33bf2d8edc8?s=96&d=mm&r=g","url":"https:\/\/secure.gravatar.com\/avatar\/1ea551d08e5aaea35ec0edab8371d7eaf798177f38aa8a77e65ff33bf2d8edc8?s=96&d=mm&r=g","height":96,"width":96}},"publisher":{"@type":"Organization","name":"bielmeier.cz","logo":{"@type":"ImageObject","@id":"\/logo.png","url":"\/logo.png","width":600,"height":60}},"image":null,"wordCount":237,"keywords":null},{"@type":"Article","@id":"https:\/\/www.bielmeier.cz\/a-zase-ten-amazon\/","headline":"A zase ten Amazon","url":"https:\/\/www.bielmeier.cz\/a-zase-ten-amazon\/","datePublished":"2025-03-06","dateModified":"2023-05-02","mainEntityOfPage":"https:\/\/www.bielmeier.cz\/a-zase-ten-amazon\/","author":{"@type":"Person","@id":"https:\/\/www.bielmeier.cz\/author\/#Person","name":"","url":"https:\/\/www.bielmeier.cz\/author\/","identifier":1,"image":{"@type":"ImageObject","@id":"https:\/\/secure.gravatar.com\/avatar\/1ea551d08e5aaea35ec0edab8371d7eaf798177f38aa8a77e65ff33bf2d8edc8?s=96&d=mm&r=g","url":"https:\/\/secure.gravatar.com\/avatar\/1ea551d08e5aaea35ec0edab8371d7eaf798177f38aa8a77e65ff33bf2d8edc8?s=96&d=mm&r=g","height":96,"width":96}},"publisher":{"@type":"Organization","name":"bielmeier.cz","logo":{"@type":"ImageObject","@id":"\/logo.png","url":"\/logo.png","width":600,"height":60}},"image":{"@type":"ImageObject","@id":"https:\/\/www.bielmeier.cz\/wp-content\/uploads\/img_a329659_w1794_t1542187748.jpg","url":"https:\/\/www.bielmeier.cz\/wp-content\/uploads\/img_a329659_w1794_t1542187748.jpg","height":0,"width":0},"wordCount":499,"keywords":null},{"@type":"Article","@id":"https:\/\/www.bielmeier.cz\/nahla-umrti-mladych-sportovcu\/","headline":"N\u00e1hl\u00e1 \u00famrt\u00ed mlad\u00fdch sportovc\u016f","url":"https:\/\/www.bielmeier.cz\/nahla-umrti-mladych-sportovcu\/","datePublished":"2025-03-04","dateModified":"2023-05-02","mainEntityOfPage":"https:\/\/www.bielmeier.cz\/nahla-umrti-mladych-sportovcu\/","author":{"@type":"Person","@id":"https:\/\/www.bielmeier.cz\/author\/#Person","name":"","url":"https:\/\/www.bielmeier.cz\/author\/","identifier":1,"image":{"@type":"ImageObject","@id":"https:\/\/secure.gravatar.com\/avatar\/1ea551d08e5aaea35ec0edab8371d7eaf798177f38aa8a77e65ff33bf2d8edc8?s=96&d=mm&r=g","url":"https:\/\/secure.gravatar.com\/avatar\/1ea551d08e5aaea35ec0edab8371d7eaf798177f38aa8a77e65ff33bf2d8edc8?s=96&d=mm&r=g","height":96,"width":96}},"publisher":{"@type":"Organization","name":"bielmeier.cz","logo":{"@type":"ImageObject","@id":"\/logo.png","url":"\/logo.png","width":600,"height":60}},"image":{"@type":"ImageObject","@id":"https:\/\/www.bielmeier.cz\/wp-content\/uploads\/img_a312528_w1965_t1523429829.jpg","url":"https:\/\/www.bielmeier.cz\/wp-content\/uploads\/img_a312528_w1965_t1523429829.jpg","height":0,"width":0},"wordCount":4449,"keywords":null},{"@type":"Article","@id":"https:\/\/www.bielmeier.cz\/pomoc-s-prvnim-bydlenim\/","headline":"Pomoc s prvn\u00edm bydlen\u00edm","url":"https:\/\/www.bielmeier.cz\/pomoc-s-prvnim-bydlenim\/","datePublished":"2025-03-04","dateModified":"2023-05-02","mainEntityOfPage":"https:\/\/www.bielmeier.cz\/pomoc-s-prvnim-bydlenim\/","author":{"@type":"Person","@id":"https:\/\/www.bielmeier.cz\/author\/#Person","name":"","url":"https:\/\/www.bielmeier.cz\/author\/","identifier":1,"image":{"@type":"ImageObject","@id":"https:\/\/secure.gravatar.com\/avatar\/1ea551d08e5aaea35ec0edab8371d7eaf798177f38aa8a77e65ff33bf2d8edc8?s=96&d=mm&r=g","url":"https:\/\/secure.gravatar.com\/avatar\/1ea551d08e5aaea35ec0edab8371d7eaf798177f38aa8a77e65ff33bf2d8edc8?s=96&d=mm&r=g","height":96,"width":96}},"publisher":{"@type":"Organization","name":"bielmeier.cz","logo":{"@type":"ImageObject","@id":"\/logo.png","url":"\/logo.png","width":600,"height":60}},"image":{"@type":"ImageObject","@id":"https:\/\/www.bielmeier.cz\/wp-content\/uploads\/img_a338858_w2526_t1551617383.jpg","url":"https:\/\/www.bielmeier.cz\/wp-content\/uploads\/img_a338858_w2526_t1551617383.jpg","height":0,"width":0},"wordCount":4567,"keywords":null},{"@type":"Article","@id":"https:\/\/www.bielmeier.cz\/plnohodnotny-zivot-i-v-prechodu\/","headline":"Plnohodnotn\u00fd \u017eivot i \u201ev p\u0159echodu\u201c","url":"https:\/\/www.bielmeier.cz\/plnohodnotny-zivot-i-v-prechodu\/","datePublished":"2025-03-04","dateModified":"2025-03-04","mainEntityOfPage":"https:\/\/www.bielmeier.cz\/plnohodnotny-zivot-i-v-prechodu\/","author":{"@type":"Person","@id":"https:\/\/www.bielmeier.cz\/author\/#Person","name":"","url":"https:\/\/www.bielmeier.cz\/author\/","identifier":1,"image":{"@type":"ImageObject","@id":"https:\/\/secure.gravatar.com\/avatar\/1ea551d08e5aaea35ec0edab8371d7eaf798177f38aa8a77e65ff33bf2d8edc8?s=96&d=mm&r=g","url":"https:\/\/secure.gravatar.com\/avatar\/1ea551d08e5aaea35ec0edab8371d7eaf798177f38aa8a77e65ff33bf2d8edc8?s=96&d=mm&r=g","height":96,"width":96}},"publisher":{"@type":"Organization","name":"bielmeier.cz","logo":{"@type":"ImageObject","@id":"\/logo.png","url":"\/logo.png","width":600,"height":60}},"image":null,"wordCount":214,"keywords":null},{"@type":"Article","@id":"https:\/\/www.bielmeier.cz\/uceni-ditete-doma-z-pohledu-rodice\/","headline":"U\u010den\u00ed d\u00edt\u011bte doma \u2013 z pohledu rodi\u010de","url":"https:\/\/www.bielmeier.cz\/uceni-ditete-doma-z-pohledu-rodice\/","datePublished":"2025-03-01","dateModified":"2023-05-02","mainEntityOfPage":"https:\/\/www.bielmeier.cz\/uceni-ditete-doma-z-pohledu-rodice\/","author":{"@type":"Person","@id":"https:\/\/www.bielmeier.cz\/author\/#Person","name":"","url":"https:\/\/www.bielmeier.cz\/author\/","identifier":1,"image":{"@type":"ImageObject","@id":"https:\/\/secure.gravatar.com\/avatar\/1ea551d08e5aaea35ec0edab8371d7eaf798177f38aa8a77e65ff33bf2d8edc8?s=96&d=mm&r=g","url":"https:\/\/secure.gravatar.com\/avatar\/1ea551d08e5aaea35ec0edab8371d7eaf798177f38aa8a77e65ff33bf2d8edc8?s=96&d=mm&r=g","height":96,"width":96}},"publisher":{"@type":"Organization","name":"bielmeier.cz","logo":{"@type":"ImageObject","@id":"\/logo.png","url":"\/logo.png","width":600,"height":60}},"image":{"@type":"ImageObject","@id":"https:\/\/www.bielmeier.cz\/wp-content\/uploads\/img_a303924_w1967_t1514722428.jpg","url":"https:\/\/www.bielmeier.cz\/wp-content\/uploads\/img_a303924_w1967_t1514722428.jpg","height":0,"width":0},"wordCount":2471,"keywords":null},{"@type":"Article","@id":"https:\/\/www.bielmeier.cz\/arduino-v-medicine-mohou-mikrokontrolery-pomoci-pri-diagnostice\/","headline":"Arduino v medic\u00edn\u011b &#8211; mohou mikrokontrol\u00e9ry pomoci p\u0159i diagnostice?","url":"https:\/\/www.bielmeier.cz\/arduino-v-medicine-mohou-mikrokontrolery-pomoci-pri-diagnostice\/","datePublished":"2025-02-27","dateModified":"2025-02-27","mainEntityOfPage":"https:\/\/www.bielmeier.cz\/arduino-v-medicine-mohou-mikrokontrolery-pomoci-pri-diagnostice\/","author":{"@type":"Person","@id":"https:\/\/www.bielmeier.cz\/author\/#Person","name":"","url":"https:\/\/www.bielmeier.cz\/author\/","identifier":1,"image":{"@type":"ImageObject","@id":"https:\/\/secure.gravatar.com\/avatar\/1ea551d08e5aaea35ec0edab8371d7eaf798177f38aa8a77e65ff33bf2d8edc8?s=96&d=mm&r=g","url":"https:\/\/secure.gravatar.com\/avatar\/1ea551d08e5aaea35ec0edab8371d7eaf798177f38aa8a77e65ff33bf2d8edc8?s=96&d=mm&r=g","height":96,"width":96}},"publisher":{"@type":"Organization","name":"bielmeier.cz","logo":{"@type":"ImageObject","@id":"\/logo.png","url":"\/logo.png","width":600,"height":60}},"image":{"@type":"ImageObject","@id":"https:\/\/www.bielmeier.cz\/wp-content\/uploads\/arduino_coR25D.jpg","url":"https:\/\/www.bielmeier.cz\/wp-content\/uploads\/arduino_coR25D.jpg","height":0,"width":0},"wordCount":991,"keywords":null},{"@type":"Article","@id":"https:\/\/www.bielmeier.cz\/batohy-treksport\/","headline":"Batohy Treksport","url":"https:\/\/www.bielmeier.cz\/batohy-treksport\/","datePublished":"2025-02-26","dateModified":"2025-02-26","mainEntityOfPage":"https:\/\/www.bielmeier.cz\/batohy-treksport\/","author":{"@type":"Person","@id":"https:\/\/www.bielmeier.cz\/author\/#Person","name":"","url":"https:\/\/www.bielmeier.cz\/author\/","identifier":1,"image":{"@type":"ImageObject","@id":"https:\/\/secure.gravatar.com\/avatar\/1ea551d08e5aaea35ec0edab8371d7eaf798177f38aa8a77e65ff33bf2d8edc8?s=96&d=mm&r=g","url":"https:\/\/secure.gravatar.com\/avatar\/1ea551d08e5aaea35ec0edab8371d7eaf798177f38aa8a77e65ff33bf2d8edc8?s=96&d=mm&r=g","height":96,"width":96}},"publisher":{"@type":"Organization","name":"bielmeier.cz","logo":{"@type":"ImageObject","@id":"\/logo.png","url":"\/logo.png","width":600,"height":60}},"image":null,"wordCount":230,"keywords":null},{"@type":"Article","@id":"https:\/\/www.bielmeier.cz\/proc-si-nezkusit-zahrat\/","headline":"Pro\u010d si nezkusit zahr\u00e1t","url":"https:\/\/www.bielmeier.cz\/proc-si-nezkusit-zahrat\/","datePublished":"2025-02-22","dateModified":"2025-02-22","mainEntityOfPage":"https:\/\/www.bielmeier.cz\/proc-si-nezkusit-zahrat\/","author":{"@type":"Person","@id":"https:\/\/www.bielmeier.cz\/author\/#Person","name":"","url":"https:\/\/www.bielmeier.cz\/author\/","identifier":1,"image":{"@type":"ImageObject","@id":"https:\/\/secure.gravatar.com\/avatar\/1ea551d08e5aaea35ec0edab8371d7eaf798177f38aa8a77e65ff33bf2d8edc8?s=96&d=mm&r=g","url":"https:\/\/secure.gravatar.com\/avatar\/1ea551d08e5aaea35ec0edab8371d7eaf798177f38aa8a77e65ff33bf2d8edc8?s=96&d=mm&r=g","height":96,"width":96}},"publisher":{"@type":"Organization","name":"bielmeier.cz","logo":{"@type":"ImageObject","@id":"\/logo.png","url":"\/logo.png","width":600,"height":60}},"image":null,"wordCount":249,"keywords":null},{"@type":"Article","@id":"https:\/\/www.bielmeier.cz\/s-nami-jezte-zdrave-v-kazdem-veku\/","headline":"S n\u00e1mi jezte zdrav\u011b v ka\u017ed\u00e9m v\u011bku","url":"https:\/\/www.bielmeier.cz\/s-nami-jezte-zdrave-v-kazdem-veku\/","datePublished":"2025-02-12","dateModified":"2025-02-12","mainEntityOfPage":"https:\/\/www.bielmeier.cz\/s-nami-jezte-zdrave-v-kazdem-veku\/","author":{"@type":"Person","@id":"https:\/\/www.bielmeier.cz\/author\/#Person","name":"","url":"https:\/\/www.bielmeier.cz\/author\/","identifier":1,"image":{"@type":"ImageObject","@id":"https:\/\/secure.gravatar.com\/avatar\/1ea551d08e5aaea35ec0edab8371d7eaf798177f38aa8a77e65ff33bf2d8edc8?s=96&d=mm&r=g","url":"https:\/\/secure.gravatar.com\/avatar\/1ea551d08e5aaea35ec0edab8371d7eaf798177f38aa8a77e65ff33bf2d8edc8?s=96&d=mm&r=g","height":96,"width":96}},"publisher":{"@type":"Organization","name":"bielmeier.cz","logo":{"@type":"ImageObject","@id":"\/logo.png","url":"\/logo.png","width":600,"height":60}},"image":null,"wordCount":189,"keywords":null}]},{"@context":"https:\/\/schema.org","@type":"WebSite","@id":"https:\/\/www.bielmeier.cz\/#website","name":"Bielmeier","url":"https:\/\/www.bielmeier.cz","potentialAction":{"@type":"SearchAction","target":"https:\/\/www.bielmeier.cz\/?s={search_term_string}","query-input":"required name=search_term_string"}}]