[{"@context":"https:\/\/schema.org\/","@type":"Blog","@id":"https:\/\/www.bielmeier.cz#Blog","headline":"Bielmeier","description":"\nV \u017eivot\u011b se m\u016f\u017ee st\u00e1t cokoliv. I to naprosto nejneo\u010dek\u00e1van\u011bj\u0161\u00ed. A \u010dlov\u011bk na to mus\u00ed b\u00fdt v\u017edy p\u0159ipraven. Nebo aspo\u0148 zn\u00e1t n\u00e1\u0161 web, kde doty\u010dn\u00e9mu v\u017edy pom\u016f\u017eeme.","url":"https:\/\/www.bielmeier.cz","hasPart":[{"@type":"Article","@id":"https:\/\/www.bielmeier.cz\/je-kvalita-to-co-hledate\/","headline":"Je kvalita to, co hled\u00e1te?","url":"https:\/\/www.bielmeier.cz\/je-kvalita-to-co-hledate\/","datePublished":"2024-12-10","dateModified":"2024-12-10","mainEntityOfPage":"https:\/\/www.bielmeier.cz\/je-kvalita-to-co-hledate\/","author":{"@type":"Person","@id":"https:\/\/www.bielmeier.cz\/author\/#Person","name":"","url":"https:\/\/www.bielmeier.cz\/author\/","identifier":1,"image":{"@type":"ImageObject","@id":"https:\/\/secure.gravatar.com\/avatar\/1ea551d08e5aaea35ec0edab8371d7eaf798177f38aa8a77e65ff33bf2d8edc8?s=96&d=mm&r=g","url":"https:\/\/secure.gravatar.com\/avatar\/1ea551d08e5aaea35ec0edab8371d7eaf798177f38aa8a77e65ff33bf2d8edc8?s=96&d=mm&r=g","height":96,"width":96}},"publisher":{"@type":"Organization","name":"bielmeier.cz","logo":{"@type":"ImageObject","@id":"\/logo.png","url":"\/logo.png","width":600,"height":60}},"image":null,"wordCount":252,"keywords":null},{"@type":"Article","@id":"https:\/\/www.bielmeier.cz\/hubnete-rychle-s-tuky-a-bilkovinami\/","headline":"Hubn\u011bte rychle s tuky a b\u00edlkovinami!","url":"https:\/\/www.bielmeier.cz\/hubnete-rychle-s-tuky-a-bilkovinami\/","datePublished":"2024-12-05","dateModified":"2024-12-05","mainEntityOfPage":"https:\/\/www.bielmeier.cz\/hubnete-rychle-s-tuky-a-bilkovinami\/","author":{"@type":"Person","@id":"https:\/\/www.bielmeier.cz\/author\/#Person","name":"","url":"https:\/\/www.bielmeier.cz\/author\/","identifier":1,"image":{"@type":"ImageObject","@id":"https:\/\/secure.gravatar.com\/avatar\/1ea551d08e5aaea35ec0edab8371d7eaf798177f38aa8a77e65ff33bf2d8edc8?s=96&d=mm&r=g","url":"https:\/\/secure.gravatar.com\/avatar\/1ea551d08e5aaea35ec0edab8371d7eaf798177f38aa8a77e65ff33bf2d8edc8?s=96&d=mm&r=g","height":96,"width":96}},"publisher":{"@type":"Organization","name":"bielmeier.cz","logo":{"@type":"ImageObject","@id":"\/logo.png","url":"\/logo.png","width":600,"height":60}},"image":null,"wordCount":216,"keywords":null},{"@type":"Article","@id":"https:\/\/www.bielmeier.cz\/pripraveni-na-vse\/","headline":"P\u0159ipraveni na v\u0161e","url":"https:\/\/www.bielmeier.cz\/pripraveni-na-vse\/","datePublished":"2024-11-25","dateModified":"2024-11-25","mainEntityOfPage":"https:\/\/www.bielmeier.cz\/pripraveni-na-vse\/","author":{"@type":"Person","@id":"https:\/\/www.bielmeier.cz\/author\/#Person","name":"","url":"https:\/\/www.bielmeier.cz\/author\/","identifier":1,"image":{"@type":"ImageObject","@id":"https:\/\/secure.gravatar.com\/avatar\/1ea551d08e5aaea35ec0edab8371d7eaf798177f38aa8a77e65ff33bf2d8edc8?s=96&d=mm&r=g","url":"https:\/\/secure.gravatar.com\/avatar\/1ea551d08e5aaea35ec0edab8371d7eaf798177f38aa8a77e65ff33bf2d8edc8?s=96&d=mm&r=g","height":96,"width":96}},"publisher":{"@type":"Organization","name":"bielmeier.cz","logo":{"@type":"ImageObject","@id":"\/logo.png","url":"\/logo.png","width":600,"height":60}},"image":null,"wordCount":211,"keywords":null},{"@type":"Article","@id":"https:\/\/www.bielmeier.cz\/famozne-odvedena-prace-nasich-zlatnickych-mistru\/","headline":"Fam\u00f3zn\u011b odveden\u00e1 pr\u00e1ce na\u0161ich zlatnick\u00fdch mistr\u016f","url":"https:\/\/www.bielmeier.cz\/famozne-odvedena-prace-nasich-zlatnickych-mistru\/","datePublished":"2024-11-19","dateModified":"2024-11-19","mainEntityOfPage":"https:\/\/www.bielmeier.cz\/famozne-odvedena-prace-nasich-zlatnickych-mistru\/","author":{"@type":"Person","@id":"https:\/\/www.bielmeier.cz\/author\/#Person","name":"","url":"https:\/\/www.bielmeier.cz\/author\/","identifier":1,"image":{"@type":"ImageObject","@id":"https:\/\/secure.gravatar.com\/avatar\/1ea551d08e5aaea35ec0edab8371d7eaf798177f38aa8a77e65ff33bf2d8edc8?s=96&d=mm&r=g","url":"https:\/\/secure.gravatar.com\/avatar\/1ea551d08e5aaea35ec0edab8371d7eaf798177f38aa8a77e65ff33bf2d8edc8?s=96&d=mm&r=g","height":96,"width":96}},"publisher":{"@type":"Organization","name":"bielmeier.cz","logo":{"@type":"ImageObject","@id":"\/logo.png","url":"\/logo.png","width":600,"height":60}},"image":null,"wordCount":216,"keywords":null},{"@type":"Article","@id":"https:\/\/www.bielmeier.cz\/potisk-tricek\/","headline":"Potisk tri\u010dek","url":"https:\/\/www.bielmeier.cz\/potisk-tricek\/","datePublished":"2024-11-12","dateModified":"2024-11-12","mainEntityOfPage":"https:\/\/www.bielmeier.cz\/potisk-tricek\/","author":{"@type":"Person","@id":"https:\/\/www.bielmeier.cz\/author\/#Person","name":"","url":"https:\/\/www.bielmeier.cz\/author\/","identifier":1,"image":{"@type":"ImageObject","@id":"https:\/\/secure.gravatar.com\/avatar\/1ea551d08e5aaea35ec0edab8371d7eaf798177f38aa8a77e65ff33bf2d8edc8?s=96&d=mm&r=g","url":"https:\/\/secure.gravatar.com\/avatar\/1ea551d08e5aaea35ec0edab8371d7eaf798177f38aa8a77e65ff33bf2d8edc8?s=96&d=mm&r=g","height":96,"width":96}},"publisher":{"@type":"Organization","name":"bielmeier.cz","logo":{"@type":"ImageObject","@id":"\/logo.png","url":"\/logo.png","width":600,"height":60}},"image":null,"wordCount":253,"keywords":null},{"@type":"Article","@id":"https:\/\/www.bielmeier.cz\/o-vine-mluvi-uz-stare-pisne-a-basne\/","headline":"O v\u00edn\u011b mluv\u00ed u\u017e star\u00e9 p\u00edsn\u011b a b\u00e1sn\u011b","url":"https:\/\/www.bielmeier.cz\/o-vine-mluvi-uz-stare-pisne-a-basne\/","datePublished":"2024-11-03","dateModified":"2024-11-03","mainEntityOfPage":"https:\/\/www.bielmeier.cz\/o-vine-mluvi-uz-stare-pisne-a-basne\/","author":{"@type":"Person","@id":"https:\/\/www.bielmeier.cz\/author\/#Person","name":"","url":"https:\/\/www.bielmeier.cz\/author\/","identifier":1,"image":{"@type":"ImageObject","@id":"https:\/\/secure.gravatar.com\/avatar\/1ea551d08e5aaea35ec0edab8371d7eaf798177f38aa8a77e65ff33bf2d8edc8?s=96&d=mm&r=g","url":"https:\/\/secure.gravatar.com\/avatar\/1ea551d08e5aaea35ec0edab8371d7eaf798177f38aa8a77e65ff33bf2d8edc8?s=96&d=mm&r=g","height":96,"width":96}},"publisher":{"@type":"Organization","name":"bielmeier.cz","logo":{"@type":"ImageObject","@id":"\/logo.png","url":"\/logo.png","width":600,"height":60}},"image":null,"wordCount":384,"keywords":null},{"@type":"Article","@id":"https:\/\/www.bielmeier.cz\/vynalezi-20-stoleti-nas-posunuly-dale-ted-jsou-na-rade-ty-vase\/","headline":"Vyn\u00e1lezi 20 stolet\u00ed n\u00e1s posunuly d\u00e1le, te\u010f jsou na \u0159ad\u011b ty va\u0161e","url":"https:\/\/www.bielmeier.cz\/vynalezi-20-stoleti-nas-posunuly-dale-ted-jsou-na-rade-ty-vase\/","datePublished":"2024-10-28","dateModified":"2024-10-28","mainEntityOfPage":"https:\/\/www.bielmeier.cz\/vynalezi-20-stoleti-nas-posunuly-dale-ted-jsou-na-rade-ty-vase\/","author":{"@type":"Person","@id":"https:\/\/www.bielmeier.cz\/author\/#Person","name":"","url":"https:\/\/www.bielmeier.cz\/author\/","identifier":1,"image":{"@type":"ImageObject","@id":"https:\/\/secure.gravatar.com\/avatar\/1ea551d08e5aaea35ec0edab8371d7eaf798177f38aa8a77e65ff33bf2d8edc8?s=96&d=mm&r=g","url":"https:\/\/secure.gravatar.com\/avatar\/1ea551d08e5aaea35ec0edab8371d7eaf798177f38aa8a77e65ff33bf2d8edc8?s=96&d=mm&r=g","height":96,"width":96}},"publisher":{"@type":"Organization","name":"bielmeier.cz","logo":{"@type":"ImageObject","@id":"\/logo.png","url":"\/logo.png","width":600,"height":60}},"image":null,"wordCount":292,"keywords":null},{"@type":"Article","@id":"https:\/\/www.bielmeier.cz\/proc-do-pomaturitniho-studia-od-pelicana\/","headline":"Pro\u010d do pomaturitn\u00edho studia od PELICANA?","url":"https:\/\/www.bielmeier.cz\/proc-do-pomaturitniho-studia-od-pelicana\/","datePublished":"2024-10-24","dateModified":"2024-10-24","mainEntityOfPage":"https:\/\/www.bielmeier.cz\/proc-do-pomaturitniho-studia-od-pelicana\/","author":{"@type":"Person","@id":"https:\/\/www.bielmeier.cz\/author\/#Person","name":"","url":"https:\/\/www.bielmeier.cz\/author\/","identifier":1,"image":{"@type":"ImageObject","@id":"https:\/\/secure.gravatar.com\/avatar\/1ea551d08e5aaea35ec0edab8371d7eaf798177f38aa8a77e65ff33bf2d8edc8?s=96&d=mm&r=g","url":"https:\/\/secure.gravatar.com\/avatar\/1ea551d08e5aaea35ec0edab8371d7eaf798177f38aa8a77e65ff33bf2d8edc8?s=96&d=mm&r=g","height":96,"width":96}},"publisher":{"@type":"Organization","name":"bielmeier.cz","logo":{"@type":"ImageObject","@id":"\/logo.png","url":"\/logo.png","width":600,"height":60}},"image":{"@type":"ImageObject","@id":"https:\/\/www.bielmeier.cz\/wp-content\/uploads\/univerzita_9akfNU.jpg","url":"https:\/\/www.bielmeier.cz\/wp-content\/uploads\/univerzita_9akfNU.jpg","height":0,"width":0},"wordCount":726,"keywords":null},{"@type":"Article","@id":"https:\/\/www.bielmeier.cz\/kvalitni-zpusob\/","headline":"Kvalitn\u00ed zp\u016fsob","url":"https:\/\/www.bielmeier.cz\/kvalitni-zpusob\/","datePublished":"2024-10-22","dateModified":"2024-10-22","mainEntityOfPage":"https:\/\/www.bielmeier.cz\/kvalitni-zpusob\/","author":{"@type":"Person","@id":"https:\/\/www.bielmeier.cz\/author\/#Person","name":"","url":"https:\/\/www.bielmeier.cz\/author\/","identifier":1,"image":{"@type":"ImageObject","@id":"https:\/\/secure.gravatar.com\/avatar\/1ea551d08e5aaea35ec0edab8371d7eaf798177f38aa8a77e65ff33bf2d8edc8?s=96&d=mm&r=g","url":"https:\/\/secure.gravatar.com\/avatar\/1ea551d08e5aaea35ec0edab8371d7eaf798177f38aa8a77e65ff33bf2d8edc8?s=96&d=mm&r=g","height":96,"width":96}},"publisher":{"@type":"Organization","name":"bielmeier.cz","logo":{"@type":"ImageObject","@id":"\/logo.png","url":"\/logo.png","width":600,"height":60}},"image":null,"wordCount":277,"keywords":null},{"@type":"Article","@id":"https:\/\/www.bielmeier.cz\/svatba-v-historickem-centru-prahy-jak-pracovat-s-lokalitami-a-vytvorit-kouzelne-svatebni-fotografie\/","headline":"Svatba v historick\u00e9m centru Prahy: Jak pracovat s lokalitami a vytvo\u0159it kouzeln\u00e9 svatebn\u00ed fotografie","url":"https:\/\/www.bielmeier.cz\/svatba-v-historickem-centru-prahy-jak-pracovat-s-lokalitami-a-vytvorit-kouzelne-svatebni-fotografie\/","datePublished":"2024-10-18","dateModified":"2024-10-18","mainEntityOfPage":"https:\/\/www.bielmeier.cz\/svatba-v-historickem-centru-prahy-jak-pracovat-s-lokalitami-a-vytvorit-kouzelne-svatebni-fotografie\/","author":{"@type":"Person","@id":"https:\/\/www.bielmeier.cz\/author\/#Person","name":"","url":"https:\/\/www.bielmeier.cz\/author\/","identifier":1,"image":{"@type":"ImageObject","@id":"https:\/\/secure.gravatar.com\/avatar\/1ea551d08e5aaea35ec0edab8371d7eaf798177f38aa8a77e65ff33bf2d8edc8?s=96&d=mm&r=g","url":"https:\/\/secure.gravatar.com\/avatar\/1ea551d08e5aaea35ec0edab8371d7eaf798177f38aa8a77e65ff33bf2d8edc8?s=96&d=mm&r=g","height":96,"width":96}},"publisher":{"@type":"Organization","name":"bielmeier.cz","logo":{"@type":"ImageObject","@id":"\/logo.png","url":"\/logo.png","width":600,"height":60}},"image":{"@type":"ImageObject","@id":"https:\/\/www.bielmeier.cz\/wp-content\/uploads\/Svatebni_fotografka_z_Prahy_KDXQUG.jpg","url":"https:\/\/www.bielmeier.cz\/wp-content\/uploads\/Svatebni_fotografka_z_Prahy_KDXQUG.jpg","height":0,"width":0},"wordCount":926,"keywords":null}]},{"@context":"https:\/\/schema.org","@type":"WebSite","@id":"https:\/\/www.bielmeier.cz\/#website","name":"Bielmeier","url":"https:\/\/www.bielmeier.cz","potentialAction":{"@type":"SearchAction","target":"https:\/\/www.bielmeier.cz\/?s={search_term_string}","query-input":"required name=search_term_string"}}]