[{"@context":"https:\/\/schema.org\/","@type":"Article","@id":"https:\/\/www.bielmeier.cz\/postel-pro-deti-je-vice-nez-jenom-kus-dreva\/#Article","mainEntityOfPage":"https:\/\/www.bielmeier.cz\/postel-pro-deti-je-vice-nez-jenom-kus-dreva\/","headline":"Postel pro d\u011bti je v\u00edce ne\u017e jenom kus d\u0159eva","name":"Postel pro d\u011bti je v\u00edce ne\u017e jenom kus d\u0159eva","description":"Ratolesti r\u016fzn\u00e9 v\u011bkov\u00e9 kategorie pot\u0159ebuj\u00ed dos\u00e1hnout kvalitn\u00edho sp\u00e1nku, kter\u00fd by jim takzvan\u011b dobil baterky. Aby ov\u0161em mohly fungovat na sto procent hned po probuzen\u00ed, m\u011bl by b\u00fdt jejich sp\u00e1nek v\u00edce ne\u017e jenom pohodln\u00fd. \u00dakolem rodi\u010d\u016f je proto zakoupit jim postel, kter\u00e1 nebude pouze n\u00e1bytkem, ale i ide\u00e1ln\u00edm n\u00e1strojem k tomu, jak se postarat o jejich...","datePublished":"2020-02-07","dateModified":"2023-10-09","author":{"@type":"Person","@id":"https:\/\/www.bielmeier.cz\/author\/#Person","name":"","url":"https:\/\/www.bielmeier.cz\/author\/","identifier":1,"image":{"@type":"ImageObject","@id":"https:\/\/secure.gravatar.com\/avatar\/1ea551d08e5aaea35ec0edab8371d7eaf798177f38aa8a77e65ff33bf2d8edc8?s=96&d=mm&r=g","url":"https:\/\/secure.gravatar.com\/avatar\/1ea551d08e5aaea35ec0edab8371d7eaf798177f38aa8a77e65ff33bf2d8edc8?s=96&d=mm&r=g","height":96,"width":96}},"publisher":{"@type":"Organization","name":"bielmeier.cz","logo":{"@type":"ImageObject","@id":"\/logo.png","url":"\/logo.png","width":600,"height":60}},"image":{"@type":"ImageObject","@id":"https:\/\/www.bielmeier.cz\/wp-content\/uploads\/img_a376242_w3830_t1587629236.jpg","url":"https:\/\/www.bielmeier.cz\/wp-content\/uploads\/img_a376242_w3830_t1587629236.jpg","height":0,"width":0},"url":"https:\/\/www.bielmeier.cz\/postel-pro-deti-je-vice-nez-jenom-kus-dreva\/","about":["N\u00e1kupy"],"wordCount":431,"articleBody":"         Ratolesti r\u016fzn\u00e9 v\u011bkov\u00e9 kategorie pot\u0159ebuj\u00ed dos\u00e1hnout kvalitn\u00edho sp\u00e1nku, kter\u00fd by jim takzvan\u011b dobil baterky. Aby ov\u0161em mohly fungovat na sto procent hned po probuzen\u00ed, m\u011bl by b\u00fdt jejich sp\u00e1nek v\u00edce ne\u017e jenom pohodln\u00fd. \u00dakolem rodi\u010d\u016f je proto zakoupit jim postel, kter\u00e1 nebude pouze n\u00e1bytkem, ale i ide\u00e1ln\u00edm n\u00e1strojem k tomu, jak se postarat o jejich pohodl\u00ed v no\u010dn\u00edch hodin\u00e1ch. Postel s \u00falo\u017en\u00fdm prostorem 90 x 200 Drevenynabytek-borovicemasiv pat\u0159\u00ed mezi tu nej\u010dast\u011bj\u0161\u00ed volbu, kterou rodi\u010de jejich d\u011btem po\u0159izuj\u00ed. Jej\u00ed velikost zapadne do ka\u017ed\u00e9ho pokoje pro d\u011bti a takt\u00e9\u017e nab\u00eddne komfort \u0161ir\u0161\u00ed v\u011bkov\u00e9 hranici ratolest\u00ed. V nab\u00eddce masivn\u00edch postel\u00ed z kvalitn\u00edho d\u0159eva ji dokonce nalezete i v proveden\u00ed, kter\u00e9 design d\u011btsk\u00e9ho pokoje p\u0159izp\u016fsob\u00ed va\u0161emu osobit\u00e9mu stylu.  Pro\u010d 90 x 200 cm? V\u011bt\u0161ina rodi\u010d\u016f po f\u00e1zi, kdy se jejich d\u00edt\u011b v d\u011btsk\u00e9 post\u00fdlce nec\u00edt\u00ed u\u017e komfortn\u011b \u2013 za\u010dne p\u0159em\u00fd\u0161let nad postel\u00ed, kterou by nemuseli v nejbli\u017e\u0161\u00edch letech vym\u011bnit za v\u011bt\u0161\u00ed. L\u016f\u017eko, kter\u00e9 je na \u0161\u00ed\u0159ku a d\u00e9lku t\u00edm nejide\u00e1ln\u011bj\u0161\u00edm je pr\u00e1v\u011b to s rozm\u011brem 90 x 200 cm a uspokoj\u00ed i pot\u0159eby dor\u016fstaj\u00edc\u00edch pubert\u00e1ln\u00edch d\u011bt\u00ed. Je tedy nam\u00edst\u011b ozna\u010dit tuto postel jako univerz\u00e1ln\u00ed a chytrou volbu pro v\u0161echny rodi\u010de, kte\u0159\u00ed tento druh n\u00e1bytku necht\u011bj\u00ed vym\u011bnit za nov\u00fd v n\u011bkolika nejbli\u017e\u0161\u00edch letech nebo dokonce v\u016fbec.  Postele z masivu a jej\u00ed barevn\u00e9 odst\u00edny Je spr\u00e1vn\u00e9 p\u0159i v\u00fdb\u011bru d\u011btsk\u00e9 postele myslet nejen na l\u016f\u017eko p\u0159im\u011b\u0159en\u00e9 velikosti, ale i na kvalitu d\u0159eva. V pop\u0159ed\u00ed je po\u0159\u00e1d masiv, kter\u00fd je z\u00e1rukou spokojenosti a dlouhov\u011bkosti jak\u00e9hokoliv druhu n\u00e1bytku, a to i d\u011btsk\u00e9 postele. Investice do n\u011bho se v\u00e1m tedy vyplat\u00ed a umo\u017en\u00ed va\u0161im d\u011btem m\u00edt stabiln\u00ed a pevnou konstrukci postele, do kter\u00e9 se budou ka\u017edou noc t\u011b\u0161it. Barevn\u00e9 odst\u00edny masivn\u00edho d\u0159eva jsou nesm\u00edrn\u011b vkusn\u00e9 a zapadnou do pokoje jak pro kluka, tak i do toho hol\u010di\u010d\u00edho. Buk, dub, ol\u0161e, p\u0159\u00edrodn\u00ed varianta nebo b\u00edl\u00e1 a \u0161ed\u00e1 barva, v\u00e1m dop\u0159ej\u00ed vybrat si dle va\u0161eho p\u0159\u00e1n\u00ed takovou, kter\u00e1 by do va\u0161eho interi\u00e9ru fantasticky zapadla i po estetick\u00e9 str\u00e1nce.                                                                                                                                                                                                                                                                                                                                                                                          4.6\/5 - (9 votes)        "},{"@context":"https:\/\/schema.org\/","@type":"BreadcrumbList","itemListElement":[{"@type":"ListItem","position":1,"name":"Postel pro d\u011bti je v\u00edce ne\u017e jenom kus d\u0159eva","item":"https:\/\/www.bielmeier.cz\/postel-pro-deti-je-vice-nez-jenom-kus-dreva\/#breadcrumbitem"}]}]