[{"@context":"https:\/\/schema.org\/","@type":"Article","@id":"https:\/\/www.bielmeier.cz\/pro-setkavani-s-prateli\/#Article","mainEntityOfPage":"https:\/\/www.bielmeier.cz\/pro-setkavani-s-prateli\/","headline":"Pro setk\u00e1v\u00e1n\u00ed s p\u0159\u00e1teli","name":"Pro setk\u00e1v\u00e1n\u00ed s p\u0159\u00e1teli","description":"Tr\u00e1v\u00edte r\u00e1di spole\u010dn\u00fd \u010das se sv\u00fdmi p\u0159\u00e1teli? Podnik\u00e1te spole\u010dn\u00e9 prodlou\u017een\u00e9 v\u00edkendy \u010di spolu tr\u00e1v\u00edte i dovolen\u00e9? Co kdy\u017e ale v pr\u016fb\u011bhu \u010dasu se Va\u0161e rodiny za\u010d\u00ednaj\u00ed rozr\u016fstat a V\u00e1\u0161 pokoj pro hosty ji\u017e za\u010d\u00edn\u00e1 b\u00fdt mal\u00fd? Co kdy\u017e za\u010dnete poci\u0165ovat pot\u0159ebu trochu v\u011bt\u0161\u00edho soukrom\u00ed, nicm\u00e9n\u011b p\u0159i zachov\u00e1n\u00ed uvoln\u011bn\u00e9 a pohodov\u00e9 atmosf\u00e9ry? Existuje takov\u00e9 ubytov\u00e1n\u00ed? P\u0159ije\u010fte...","datePublished":"2025-09-04","dateModified":"2025-09-04","author":{"@type":"Person","@id":"https:\/\/www.bielmeier.cz\/author\/#Person","name":"","url":"https:\/\/www.bielmeier.cz\/author\/","identifier":1,"image":{"@type":"ImageObject","@id":"https:\/\/secure.gravatar.com\/avatar\/1ea551d08e5aaea35ec0edab8371d7eaf798177f38aa8a77e65ff33bf2d8edc8?s=96&d=mm&r=g","url":"https:\/\/secure.gravatar.com\/avatar\/1ea551d08e5aaea35ec0edab8371d7eaf798177f38aa8a77e65ff33bf2d8edc8?s=96&d=mm&r=g","height":96,"width":96}},"publisher":{"@type":"Organization","name":"bielmeier.cz","logo":{"@type":"ImageObject","@id":"\/logo.png","url":"\/logo.png","width":600,"height":60}},"url":"https:\/\/www.bielmeier.cz\/pro-setkavani-s-prateli\/","wordCount":164,"articleBody":"Tr\u00e1v\u00edte r\u00e1di spole\u010dn\u00fd \u010das se sv\u00fdmi p\u0159\u00e1teli? Podnik\u00e1te spole\u010dn\u00e9 prodlou\u017een\u00e9 v\u00edkendy \u010di spolu tr\u00e1v\u00edte i dovolen\u00e9? Co kdy\u017e ale v pr\u016fb\u011bhu \u010dasu se Va\u0161e rodiny za\u010d\u00ednaj\u00ed rozr\u016fstat a V\u00e1\u0161 pokoj pro hosty ji\u017e za\u010d\u00edn\u00e1 b\u00fdt mal\u00fd? Co kdy\u017e za\u010dnete poci\u0165ovat pot\u0159ebu trochu v\u011bt\u0161\u00edho soukrom\u00ed, nicm\u00e9n\u011b p\u0159i zachov\u00e1n\u00ed uvoln\u011bn\u00e9 a pohodov\u00e9 atmosf\u00e9ry? Existuje takov\u00e9 ubytov\u00e1n\u00ed? P\u0159ije\u010fte do Elite Jist\u011b, sta\u010d\u00ed jen v\u011bd\u011bt, kde naj\u00edt Elite, chatovou osadu pobl\u00ed\u017e M\u00e1chova jezera. Pr\u00e1v\u011b zde naleznete jedine\u010dnou pohodu s mo\u017enost\u00ed sportovn\u00edho vy\u017eit\u00ed, je zde cel\u00e1 \u0159ada mo\u017enost\u00ed pro kr\u00e1sn\u00e9 v\u00fdlety. Soukrom\u00ed m\u00e1 ka\u017ed\u00e1 rodina zaji\u0161t\u011bna d\u00edky ubytov\u00e1n\u00ed v chatce, nicm\u00e9n\u011b spole\u010dn\u011b str\u00e1ven\u00fdch chvil si jist\u011b u\u017eijete dosyta. V\u011bzte, \u017ee ji\u017e nebudete jezdit jinam.                                                                                                                                                                                                                                                                                                                                                                                                "},{"@context":"https:\/\/schema.org\/","@type":"BreadcrumbList","itemListElement":[{"@type":"ListItem","position":1,"name":"Pro setk\u00e1v\u00e1n\u00ed s p\u0159\u00e1teli","item":"https:\/\/www.bielmeier.cz\/pro-setkavani-s-prateli\/#breadcrumbitem"}]}]