[{"@context":"https:\/\/schema.org\/","@type":"Article","@id":"https:\/\/www.bielmeier.cz\/rodicum-z-lasky\/#Article","mainEntityOfPage":"https:\/\/www.bielmeier.cz\/rodicum-z-lasky\/","headline":"Rodi\u010d\u016fm z l\u00e1sky","name":"Rodi\u010d\u016fm z l\u00e1sky","description":"Hled\u00e1te pobyty pro seniory, abyste z\u00edskali vhodn\u00fd d\u00e1rek pro sv\u00e9 rodi\u010de? R\u00e1di byste hledali tak \u0159\u00edkaj\u00edc pod \u201cjednou st\u0159echou\u201d, ale st\u00e1le se v\u00e1m to z n\u011bjak\u00e9ho d\u016fvodu neda\u0159\u00ed? Potom zav\u00edtejte na n\u00e1\u0161 web a zkuste vyhled\u00e1vat v p\u0159ehledn\u00e9 nab\u00eddce, kterou jinde nenaleznete. I kdy\u017e n\u00e1s slun\u00ed\u010dko bab\u00edho l\u00e9ta d\u00edky bohu st\u00e1le oh\u0159\u00edv\u00e1, ne\u017e se nad\u011bjeme,...","datePublished":"2025-08-27","dateModified":"2025-08-27","author":{"@type":"Person","@id":"https:\/\/www.bielmeier.cz\/author\/#Person","name":"","url":"https:\/\/www.bielmeier.cz\/author\/","identifier":1,"image":{"@type":"ImageObject","@id":"https:\/\/secure.gravatar.com\/avatar\/1ea551d08e5aaea35ec0edab8371d7eaf798177f38aa8a77e65ff33bf2d8edc8?s=96&d=mm&r=g","url":"https:\/\/secure.gravatar.com\/avatar\/1ea551d08e5aaea35ec0edab8371d7eaf798177f38aa8a77e65ff33bf2d8edc8?s=96&d=mm&r=g","height":96,"width":96}},"publisher":{"@type":"Organization","name":"bielmeier.cz","logo":{"@type":"ImageObject","@id":"\/logo.png","url":"\/logo.png","width":600,"height":60}},"url":"https:\/\/www.bielmeier.cz\/rodicum-z-lasky\/","wordCount":256,"articleBody":"Hled\u00e1te pobyty pro seniory, abyste z\u00edskali vhodn\u00fd d\u00e1rek pro sv\u00e9 rodi\u010de? R\u00e1di byste hledali tak \u0159\u00edkaj\u00edc pod \u201cjednou st\u0159echou\u201d, ale st\u00e1le se v\u00e1m to z n\u011bjak\u00e9ho d\u016fvodu neda\u0159\u00ed? Potom zav\u00edtejte na n\u00e1\u0161 web a zkuste vyhled\u00e1vat v p\u0159ehledn\u00e9 nab\u00eddce, kterou jinde nenaleznete. I kdy\u017e n\u00e1s slun\u00ed\u010dko bab\u00edho l\u00e9ta d\u00edky bohu st\u00e1le oh\u0159\u00edv\u00e1, ne\u017e se nad\u011bjeme, V\u00e1noce budou opravdu zde, a vhodn\u00fd d\u00e1rek v podob\u011b d\u00e1rkov\u00e9ho poukazu bude t\u0159eba m\u00edt p\u0159ipraven. Poukaz s destinac\u00ed a term\u00ednem \u010di bez term\u00ednu, nebo s finan\u010dn\u00ed hodnotou Pokud v\u00edte, \u017ee sv\u00fdm rodi\u010d\u016fm ud\u011bl\u00e1te radost, a\u0165 u\u017e pro n\u011b zvol\u00edte jakoukoliv formu dovolen\u00e9 v kter\u00e9mkoliv \u010dase, m\u016f\u017eete volit nap\u0159\u00edklad d\u00e1rkov\u00fd poukaz na dovolenou s konkr\u00e9tn\u00edm term\u00ednem. Nab\u00edz\u00edme v\u00e1m v\u0161ak tak\u00e9 mo\u017enost darovat poukaz bez term\u00ednu a nechat na rodi\u010d\u00edch, aby si ho zvolili sami. Pokud si nejste jisti, zda ud\u011bl\u00e1te v\u00edce radosti pobytem u mo\u0159e nebo naopak v n\u011bjak\u00e9m na\u0161em p\u011bkn\u00e9m l\u00e1ze\u0148sk\u00e9m m\u011bste\u010dku, dejte p\u0159ednost d\u00e1rkov\u00e9mu poukazu s ur\u010ditou finan\u010dn\u00ed hodnotou a nechte na rodi\u010d\u00edch, aby si jak term\u00edn, tak i m\u00edsto sv\u00e9 dovolen\u00e9 zvolili sami. Je pouze na v\u00e1s, kterou variantu up\u0159ednostn\u00edte.                                                                                                                                                                                                                                                                                                                                                                                                "},{"@context":"https:\/\/schema.org\/","@type":"BreadcrumbList","itemListElement":[{"@type":"ListItem","position":1,"name":"Rodi\u010d\u016fm z l\u00e1sky","item":"https:\/\/www.bielmeier.cz\/rodicum-z-lasky\/#breadcrumbitem"}]}]