[{"@context":"https:\/\/schema.org\/","@type":"Article","@id":"https:\/\/www.bielmeier.cz\/starsi-lide-a-problemy\/#Article","mainEntityOfPage":"https:\/\/www.bielmeier.cz\/starsi-lide-a-problemy\/","headline":"Star\u0161\u00ed lid\u00e9 a probl\u00e9my","name":"Star\u0161\u00ed lid\u00e9 a probl\u00e9my","description":"Jist\u011b zn\u00e1te chv\u00edle, kdy se c\u00edt\u00edte slab\u011b a nem\u00e1te u\u017e s\u00edlu cokoliv d\u011blat. Tyto chv\u00edle jsou samoz\u0159ejm\u011b \u010dast\u00e9 a nemus\u00edte se za n\u011b tedy styd\u011bt, proto\u017ee kdybyste byli na sv\u011bt\u011b jedin\u00ed, kdo m\u00e1 tyto stavy, v\u0161ichni by museli b\u00fdt superhrdinov\u00e9, kte\u0159\u00ed zvl\u00e1dnou a vydr\u017e\u00ed v\u0161echno na sv\u011bt\u011b. Samoz\u0159ejm\u011b je jasn\u00e9, \u017ee v\u00e1m t\u011blo nebude v...","datePublished":"2023-07-18","dateModified":"2023-07-18","author":{"@type":"Person","@id":"https:\/\/www.bielmeier.cz\/author\/#Person","name":"","url":"https:\/\/www.bielmeier.cz\/author\/","identifier":1,"image":{"@type":"ImageObject","@id":"https:\/\/secure.gravatar.com\/avatar\/1ea551d08e5aaea35ec0edab8371d7eaf798177f38aa8a77e65ff33bf2d8edc8?s=96&d=mm&r=g","url":"https:\/\/secure.gravatar.com\/avatar\/1ea551d08e5aaea35ec0edab8371d7eaf798177f38aa8a77e65ff33bf2d8edc8?s=96&d=mm&r=g","height":96,"width":96}},"publisher":{"@type":"Organization","name":"bielmeier.cz","logo":{"@type":"ImageObject","@id":"\/logo.png","url":"\/logo.png","width":600,"height":60}},"image":{"@type":"ImageObject","@id":"https:\/\/www.bielmeier.cz\/wp-content\/uploads\/felicia-montenegro-XFjVFgvfOPQ-unsplash_2.jpg","url":"https:\/\/www.bielmeier.cz\/wp-content\/uploads\/felicia-montenegro-XFjVFgvfOPQ-unsplash_2.jpg","height":0,"width":0},"url":"https:\/\/www.bielmeier.cz\/starsi-lide-a-problemy\/","about":["N\u00e1kupy"],"wordCount":443,"articleBody":"       Jist\u011b zn\u00e1te chv\u00edle, kdy se c\u00edt\u00edte slab\u011b a nem\u00e1te u\u017e s\u00edlu cokoliv d\u011blat. Tyto chv\u00edle jsou samoz\u0159ejm\u011b \u010dast\u00e9 a nemus\u00edte se za n\u011b tedy styd\u011bt, proto\u017ee kdybyste byli na sv\u011bt\u011b jedin\u00ed, kdo m\u00e1 tyto stavy, v\u0161ichni by museli b\u00fdt superhrdinov\u00e9, kte\u0159\u00ed zvl\u00e1dnou a vydr\u017e\u00ed v\u0161echno na sv\u011bt\u011b. Samoz\u0159ejm\u011b je jasn\u00e9, \u017ee v\u00e1m t\u011blo nebude v kuse pracovat cel\u00fd \u017eivot, tak\u017ee n\u011bkdy nastanou komplikace a chv\u00edle, kdy t\u011blo hold nen\u00ed \u00fapln\u011b tak ve form\u011b a kdy zkr\u00e1tka u\u017e nem\u016f\u017ee. Mohou se projevit tak\u00e9 n\u011bjak\u00e9 nemoci, kter\u00e9 jsou pro st\u00e1\u0159\u00ed \u010dast\u00e9, a to b\u00fdvaj\u00ed r\u016fzn\u00e9 zdravotn\u00ed probl\u00e9my. Nav\u00edc je tak\u00e9 d\u016fle\u017eit\u00fd \u017eivotn\u00ed styl dan\u00e9 osoby, jestli kou\u0159\u00ed, a nebo jestli \u017eije zdrav\u00fd \u017eivotn\u00ed styl. Podle toho se zdravotn\u00ed probl\u00e9my projev\u00ed t\u0159eba pozd\u011bji, ale skoro v\u011bt\u0161ina star\u0161\u00edch lid\u00ed hold m\u00e1 n\u011bjak\u00e9 zdravotn\u00ed probl\u00e9my a s t\u00edm se hold tedy mus\u00ed po\u010d\u00edtat.  Zdravotn\u00ed probl\u00e9my se krom\u011b \u017eivotn\u00edho stylu li\u0161\u00ed tak\u00e9 podle toho, jestli se jedn\u00e1 o mu\u017ee nebo \u017eenu, proto\u017ee ka\u017ed\u00e9 pohlav\u00ed m\u00e1 naprosto jin\u00e9 probl\u00e9my, a to i ty zdravotn\u00ed i du\u0161evn\u00ed, proto\u017ee ob\u011b pohlav\u00ed sn\u00e1\u0161\u00ed situace jinak. Nav\u00edc v\u0161ichni v\u00edme, \u017ee pohlavn\u00ed \u00fastroj\u00ed je jin\u00e9, a tak\u00e9 zdravotn\u00ed probl\u00e9my budou jin\u00e9. Kdy\u017e si vezmeme mu\u017ee, ti \u010dasto m\u00edvaj\u00ed probl\u00e9m nap\u0159\u00edklad s erekc\u00ed. Ta se pak l\u00e9\u010d\u00ed samoz\u0159ejm\u011b bu\u010f Kamagrou nebo Viagrou, co\u017e jsou nejzn\u00e1m\u011bj\u0161\u00ed l\u00e9ky na erektiln\u00ed dysfunkci, ov\u0161em nem\u016f\u017eete je jen tak koupit v obchod\u011b, mus\u00edte si zaj\u00edt k l\u00e9ka\u0159i, kter\u00fd v\u00e1s vyl\u00e9\u010d\u00ed a zjist\u00ed, co zp\u016fsobuje pr\u00e1v\u011b va\u0161e probl\u00e9my s erekc\u00ed a podle toho v\u00e1m l\u00e9k bu\u010f p\u0159edep\u00ed\u0161e nebo ne.  Dal\u0161\u00ed dost zn\u00e1m\u00fdm probl\u00e9mem je probl\u00e9m s prostatou, konkr\u00e9tn\u011b jej\u00ed zv\u011bt\u0161en\u00ed, a proto\u017ee prostata obep\u00edn\u00e1 mo\u010dovou trubici, mu\u017ei posti\u017een\u00ed t\u00edmto onemocn\u011bn\u00edm maj\u00ed dost \u010dast\u00e9 pocity na mo\u010den\u00ed a maj\u00ed probl\u00e9my t\u0159eba i p\u0159i ejakulaci, proto\u017ee zv\u011bt\u0161en\u00e1 prostata br\u00e1n\u00ed ejakul\u00e1tu putovat skrze mo\u010dovou trubici ven. \u017deny maj\u00ed samoz\u0159ejm\u011b tak\u00e9 probl\u00e9my, kter\u00e9 se t\u00fdkaj\u00ed nap\u0159\u00edklad menstruace a poporodn\u00edch z\u00e1le\u017eitost\u00ed, tak\u017ee to jsou zase \u00fapln\u011b jin\u00e9 probl\u00e9my ne\u017e u mu\u017e\u016f. Probl\u00e9my se zkr\u00e1tka li\u0161\u00ed \u010dlov\u011bk od \u010dlov\u011bka.                                                                                                                                                                                                                                                                                                                                                                                           4.3\/5 - (6 votes)        "},{"@context":"https:\/\/schema.org\/","@type":"BreadcrumbList","itemListElement":[{"@type":"ListItem","position":1,"name":"Star\u0161\u00ed lid\u00e9 a probl\u00e9my","item":"https:\/\/www.bielmeier.cz\/starsi-lide-a-problemy\/#breadcrumbitem"}]}]