[{"@context":"https:\/\/schema.org\/","@type":"Article","@id":"https:\/\/www.bielmeier.cz\/vyssi-rodicovska-stale-neschvalena\/#Article","mainEntityOfPage":"https:\/\/www.bielmeier.cz\/vyssi-rodicovska-stale-neschvalena\/","headline":"Vy\u0161\u0161\u00ed rodi\u010dovsk\u00e1 st\u00e1le neschv\u00e1lena","name":"Vy\u0161\u0161\u00ed rodi\u010dovsk\u00e1 st\u00e1le neschv\u00e1lena","description":"Jste na rodi\u010dovsk\u00e9 dovolen\u00e9, nebo se na ni v\u00a0dohledn\u00e9 dob\u011b chyst\u00e1te? Moment\u00e1ln\u011b je v\u00fd\u0161e rodi\u010dovsk\u00e9ho p\u0159\u00edsp\u011bvku stanovena na 220\u00a0tis\u00edc korun, v\u00a0p\u0159\u00edpad\u011b dvoj\u010dat a v\u00edcer\u010dat na 330\u00a0tis\u00edc korun. \u010c\u00e1stku je pot\u0159eba vy\u010derpat do \u010dty\u0159 let v\u011bku d\u00edt\u011bte. Od 1. ledna 2020 by se tato \u010d\u00e1stka m\u011bla zv\u00fd\u0161it na 300\u00a0tis\u00edc korun na jedno d\u00edt\u011b a v\u00a0p\u0159\u00edpad\u011b dvoj\u010dat...","datePublished":"2019-11-19","dateModified":"2023-05-02","author":{"@type":"Person","@id":"https:\/\/www.bielmeier.cz\/author\/#Person","name":"","url":"https:\/\/www.bielmeier.cz\/author\/","identifier":1,"image":{"@type":"ImageObject","@id":"https:\/\/secure.gravatar.com\/avatar\/1ea551d08e5aaea35ec0edab8371d7eaf798177f38aa8a77e65ff33bf2d8edc8?s=96&d=mm&r=g","url":"https:\/\/secure.gravatar.com\/avatar\/1ea551d08e5aaea35ec0edab8371d7eaf798177f38aa8a77e65ff33bf2d8edc8?s=96&d=mm&r=g","height":96,"width":96}},"publisher":{"@type":"Organization","name":"bielmeier.cz","logo":{"@type":"ImageObject","@id":"\/logo.png","url":"\/logo.png","width":600,"height":60}},"image":{"@type":"ImageObject","@id":"https:\/\/www.bielmeier.cz\/wp-content\/uploads\/img_a359471_w3830_t1573388213.jpg","url":"https:\/\/www.bielmeier.cz\/wp-content\/uploads\/img_a359471_w3830_t1573388213.jpg","height":0,"width":0},"url":"https:\/\/www.bielmeier.cz\/vyssi-rodicovska-stale-neschvalena\/","about":["Politika"],"wordCount":430,"articleBody":"Jste na rodi\u010dovsk\u00e9 dovolen\u00e9, nebo se na ni v\u00a0dohledn\u00e9 dob\u011b chyst\u00e1te? Moment\u00e1ln\u011b je v\u00fd\u0161e rodi\u010dovsk\u00e9ho p\u0159\u00edsp\u011bvku stanovena na 220\u00a0tis\u00edc korun, v\u00a0p\u0159\u00edpad\u011b dvoj\u010dat a v\u00edcer\u010dat na 330\u00a0tis\u00edc korun. \u010c\u00e1stku je pot\u0159eba vy\u010derpat do \u010dty\u0159 let v\u011bku d\u00edt\u011bte. Od 1. ledna 2020 by se tato \u010d\u00e1stka m\u011bla zv\u00fd\u0161it na 300\u00a0tis\u00edc korun na jedno d\u00edt\u011b a v\u00a0p\u0159\u00edpad\u011b dvoj\u010dat a v\u00edcer\u010dat na 450 tis\u00edc korun. Zv\u00fd\u0161en\u00ed se t\u00fdk\u00e1 t\u011bch,kte\u0159\u00ed na rodi\u010dovskou dovolenou nastoup\u00ed p\u0159\u00ed\u0161t\u00ed rok, ale dos\u00e1hnou na n\u011bj i rodiny, kter\u00e9 u\u017e podporu \u010derpaj\u00ed a letos neukon\u010d\u00ed.I p\u0159esto, \u017ee se na tomto z\u00e1konu v\u0161ichni shodnou, k\u00a0hlasov\u00e1n\u00ed zat\u00edm nedo\u0161lo. Mnoho lid\u00ed tuto situaci nech\u00e1pe. Je mo\u017en\u00e9, \u017ee se zv\u00fd\u0161en\u00ed rodi\u010dovsk\u00e9ho p\u0159\u00edsp\u011bvku nestihne schv\u00e1lit ani do konce roku a v\u016fbec k\u00a0n\u011bmu nedojde? Na mimo\u0159\u00e1dn\u00e9 sch\u016fzi, kter\u00e1 se konala 1. listopadu, m\u011blo prob\u011bhnout hlasov\u00e1n\u00ed, k\u00a0n\u011bmu v\u0161ak nedo\u0161lo dle n\u011bkter\u00fdch v\u00a0d\u016fsledku dlouh\u00e9ho projevu Ministryn\u011b pr\u00e1ce a soci\u00e1ln\u00edch v\u011bc\u00ed Jany Mal\u00e1\u010dov\u00e9. V\u00a0tomto projevu Mal\u00e1\u010dov\u00e1 obvinila ODS z\u00a0toho, \u017ee se sna\u017e\u00ed zv\u011bt\u0161it okruh rodin, kter\u00fdch by se zv\u00fd\u0161en\u00ed rodi\u010dovsk\u00e9ho p\u0159\u00edsp\u011bvku m\u011blo t\u00fdkat: &#8222;v pravicov\u00fdch stran\u00e1ch se n\u00e1hle probudilo soci\u00e1ln\u00ed c\u00edt\u011bn\u00ed, kter\u00e9mu nev\u011b\u0159\u00edm.&#8220;Poslanci tak\u00e9 argumentuj\u00ed t\u00edm, \u017ee nejd\u0159\u00edve je nutn\u00e9 schv\u00e1lit da\u0148ov\u00fd bal\u00ed\u010dek, aby byly zaji\u0161t\u011bny prost\u0159edky na vypl\u00e1cen\u00ed rodi\u010dovsk\u00fdch p\u0159\u00edsp\u011bvk\u016f. I to je v\u0161ak probl\u00e9m &#8211; prob\u011bhl ji\u017e \u010dtvrt\u00fd pokus dokon\u010dit t\u0159et\u00ed \u010dten\u00ed p\u0159edlohy, ale k\u00a0hlasov\u00e1n\u00ed se st\u00e1le nedostalo.Projedn\u00e1v\u00e1n\u00ed bal\u00ed\u010dku toti\u017e prov\u00e1z\u00ed kritika ze strany opozice. Hlasov\u00e1n\u00ed o da\u0148ov\u00e9m bal\u00ed\u010dku a o zv\u00fd\u0161en\u00ed rodi\u010dovsk\u00e9ho p\u0159\u00edsp\u011bvku by znovu m\u011blo prob\u011bhnout ve st\u0159edu 6. listopadu. Tuto informaci uvedla Mal\u00e1\u010dov\u00e1 na sv\u00e9m Twitteru: \u201eDnes jsem poslanc\u016fm poctiv\u011b vysv\u011btlila sv\u00e9 stanovisko k PN k rodi\u010dovsk\u00e9. Opozici se ale v p\u00e1tek nechce pracovat do ve\u010dera. O rodi\u010dovsk\u00e9 a da\u0148ov\u00e9m bal\u00ed\u010dku budeme hlasovat BEZ ROZPRAVY ve st\u0159edu v 10 hodin. Vy\u0161\u0161\u00ed rodi\u010d\u00e1k od 1.1.2020 bude! Tak, jak jsem sl\u00edbila.                                                                                                                                                                                                                                                                                                                                                                                         4.4\/5 - (7 votes)        "},{"@context":"https:\/\/schema.org\/","@type":"BreadcrumbList","itemListElement":[{"@type":"ListItem","position":1,"name":"Vy\u0161\u0161\u00ed rodi\u010dovsk\u00e1 st\u00e1le neschv\u00e1lena","item":"https:\/\/www.bielmeier.cz\/vyssi-rodicovska-stale-neschvalena\/#breadcrumbitem"}]}]